{"id":483540,"date":"2019-11-30T15:39:04","date_gmt":"2019-11-30T14:39:04","guid":{"rendered":"http:\/\/www.ivg.it\/?p=483540"},"modified":"2019-11-30T15:39:04","modified_gmt":"2019-11-30T14:39:04","slug":"iscrizione-e-frequenza-scolsatica-regione-liguria-stanzia-890-mila-euro-sulle-borse-di-studio-2019","status":"publish","type":"post","link":"https:\/\/staging.ivg.it\/2019\/11\/iscrizione-e-frequenza-scolsatica-regione-liguria-stanzia-890-mila-euro-sulle-borse-di-studio-2019\/","title":{"rendered":"Iscrizione e frequenza scolsatica: Regione Liguria stanzia 890 mila euro sulle borse di studio 2019"},"content":{"rendered":"<p><strong>Regione.<\/strong> La Giunta regionale, su proposta dell&#8217;assessore all&#8217;Istruzione Ilaria Cavo, ha approvato lo stanziamento di 890mila euro per le borse di studio 2019 relative alla spesa sostenuta dalle famiglie per iscrizione e frequenza nell&#8217;anno scolastico 2018\/2019.<\/p>\n<p>Lo stanziamento \u00e8 stato trasferito ad ALiSEO (Agenzia ligure per gli studenti e l&#8217;orientamento), che gestir\u00e0 anche quest&#8217;anno le borse di studio per la Regione e provveder\u00e0 direttamente ai pagamenti agli aventi diritto.<\/p>\n<p>&#8220;Un altro provvedimento per andare incontro alle esigenze delle famiglie sul fronte educativo &#8211; commenta il presidente di Regione Liguria Giovanni Toti- Crediamo nel pluralismo della scuola e nella libert\u00e0 di scelta, una questione su cui l&#8217;aspetto economico non deve influire o incidere. Ancora una volta investiamo risorse importanti in strumenti che i cittadini dimostrano di apprezzare e richiedere&#8221;.<\/p>\n<p>&#8220;Si tratta di borse di studio che vanno in aiuto alle famiglie degli alunni delle scuole elementari (primarie), medie (secondarie di primo grado) e superiori (secondarie di secondo grado) \u2013 aggiunge l&#8217;assessore Cavo \u2013 fornendo un sostegno concreto a coloro che scelgono di iscrivere i figli alle scuole paritarie&#8221;.<\/p>\n<p>L&#8217;importo della borsa di studio ammonta a 600 per la scuola elementare, 800 per la scuola media e 1100 per la superiore. Il bando per richiedere questa tipologia di borsa di studio \u00e8 stato aperto il 16 settembre scorso ed \u00e8 scaduto il 30 novembre 2019: una volta eseguita l&#8217;istruttoria e le stabilite le graduatorie, le borse di studio verranno erogate ai vincitori nei primi mesi del 2020.<\/p>\n<p>&#8220;Di anno in anno \u2013 aggiunge l&#8217;assessore Cavo \u2013 la scelta \u00e8 quella di incrementare lo stanziamento per andare incontro alle necessit\u00e0 e alle richieste delle famiglie. Gi\u00e0 l&#8217;anno scorso tutti gli idonei sono risultati vincitori di borsa di studio, per un totale di 1.203 assegnazioni, ben 638 in pi\u00f9 rispetto al 2017, con una spesa complessiva da parte della Regione di oltre 786mila euro, sempre per quanto riguarda il 2018&#8221;.<\/p>\n<p>&#8220;Si tratta \u2013 precisa ancora l&#8217;assessore Cavo \u2013 di un aumento di oltre il 100% della platea di vincitori rispetto a tre anni fa, dovuto alle modifiche dei criteri per l&#8217;accesso alle borse a partire appunto dall&#8217;anno 2016, tra cui l&#8217;aumento della soglia massima di reddito per accedere alla borsa di studio, che da una quota Isee di 30mila euro \u00e8 stata innalzata a 50mila. L&#8217;obiettivo era e rimane ampliare il numero degli aventi diritto e quindi poter destinare maggiori risorse al sostegno delle famiglie degli studenti nell&#8217;intento di garantire sempre di pi\u00f9 il diritto allo studio degli alunni&#8221;.<\/p>\n","protected":false},"excerpt":{"rendered":"<p>&#8220;La scelta \u00e8 quella di incrementare lo stanziamento per andare incontro alle necessit\u00e0 e alle richieste delle famiglie&#8221;<\/p>\n","protected":false},"author":17962,"featured_media":0,"comment_status":"open","ping_status":"closed","sticky":false,"template":"","format":"standard","meta":{"footnotes":""},"categories":[45296,56],"tags":[],"class_list":["post-483540","post","type-post","status-publish","format-standard","hentry","category-copertina","category-altre"],"amp_validity":null,"amp_enabled":true,"_links":{"self":[{"href":"https:\/\/staging.ivg.it\/ediapi\/wp\/v2\/posts\/483540","targetHints":{"allow":["GET"]}}],"collection":[{"href":"https:\/\/staging.ivg.it\/ediapi\/wp\/v2\/posts"}],"about":[{"href":"https:\/\/staging.ivg.it\/ediapi\/wp\/v2\/types\/post"}],"author":[{"embeddable":true,"href":"https:\/\/staging.ivg.it\/ediapi\/wp\/v2\/users\/17962"}],"replies":[{"embeddable":true,"href":"https:\/\/staging.ivg.it\/ediapi\/wp\/v2\/comments?post=483540"}],"version-history":[{"count":0,"href":"https:\/\/staging.ivg.it\/ediapi\/wp\/v2\/posts\/483540\/revisions"}],"wp:attachment":[{"href":"https:\/\/staging.ivg.it\/ediapi\/wp\/v2\/media?parent=483540"}],"wp:term":[{"taxonomy":"category","embeddable":true,"href":"https:\/\/staging.ivg.it\/ediapi\/wp\/v2\/categories?post=483540"},{"taxonomy":"post_tag","embeddable":true,"href":"https:\/\/staging.ivg.it\/ediapi\/wp\/v2\/tags?post=483540"}],"curies":[{"name":"wp","href":"https:\/\/api.w.org\/{rel}","templated":true}]}}