{"id":483086,"date":"2019-11-25T19:54:17","date_gmt":"2019-11-25T18:54:17","guid":{"rendered":"http:\/\/www.ivg.it\/?p=483086"},"modified":"2019-11-25T19:58:49","modified_gmt":"2019-11-25T18:58:49","slug":"frane-e-crollo-a6-berta-confindustria-danno-incalcolabile-posti-di-lavoro-in-crisi","status":"publish","type":"post","link":"https:\/\/staging.ivg.it\/2019\/11\/frane-e-crollo-a6-berta-confindustria-danno-incalcolabile-posti-di-lavoro-in-crisi\/","title":{"rendered":"Frane e crollo A6, Berta (Confindustria): &#8220;Danno incalcolabile, posti di lavoro a rischio&#8221;"},"content":{"rendered":"<p><strong>Provincia.<\/strong> &#8220;Il danno \u00e8 incalcolabile, perch\u00e9 le merci che arrivano al porto di Savona servono anche le imprese della Valbormida. Pensiamo al carbone per Italiana Coke o alla soda e altri materiali per quanto riguarda le vetrerie. Il porto di Savona manda verso Valbormida e basso Piemonte tramite la A6 mille mezzi al giorno. E poi c&#8217;\u00e8 il problema del dispacciamento dei materiali: le merci prodotte devono poter raggiungere i clienti. Le aziende alimentari della Valbormida che devono raggiungere i clienti della riviera e del centro Italia, oltre ad avere il problema del Ponte Morandi oggi devono fare dei giri allucinanti. Se non verr\u00e0 riaperta al pi\u00f9 presto almeno una corsia dell&#8217;autostrada rischiano di perdere i clienti: perch\u00e9 quando non lo puoi raggiungere con le forniture tre, quattro, cinque volte poi il cliente si rivolge a qui altro fornitore. La situazione \u00e8 critica&#8221;.<\/p>\n<p>Il grido d&#8217;allarme arriva da Alessandro Berta, direttore dell&#8217;Unione Industriali savonese. Il crollo del viadotto della A6, avverte, rischia di mettere in ginocchio un tessuto produttivo gi\u00e0 pesantemente in crisi negli ultimi anni e messo alla prova da un anno e mezzo dalla chiusura della A10 a Genova. La chiusura dell&#8217;autostrada verso il Piemonte (riaprir\u00e0 a una corsia entro qualche giorno, ma <a href=\"https:\/\/www.ivg.it\/2019\/11\/crollo-a6-autofiori-gia-avviato-il-progetto-il-nuovo-ponte-in-3-4-mesi\/\">per una piena operativit\u00e0 serviranno almeno 4 mesi<\/a>) avr\u00e0 ripercussioni pesanti sulle aziende: e &#8220;imprese in crisi &#8211; avverte Berta &#8211; significa casse integrazioni se non posti di lavori che si perdono&#8221;. Nuova povert\u00e0 per un territorio gi\u00e0 ampiamente provato da questo punto di vista.<\/p>\n<p>E poi ci sono le situazioni contingenti. Il 12 dicembre inizier\u00e0 ad operare Vado Gateway, la nuova piattaforma contenitori creata da Maersk:\u00a0dove passeranno quei camion? &#8220;La preoccupazione iniziale in questo caso per me \u00e8 inferiore rispetto a quella per altre tipologie di traffico portuale &#8211; replica per\u00f2 Berta &#8211; Pensiamo al Savona Terminal Auto, che fa viaggiare circa 600 mezzi tra Savona e Torino e che d\u00e0 il 60% del lavoro alla compagnia portuale: senza la Savona-Torino in grado di reggere quel traffico rischiamo di avere moltissime persone in cassa integrazione o persone al porto che non possono lavorare&#8221;.<\/p>\n<p>Problemi anche per Italiana Coke: &#8220;C&#8217;\u00e8 un problema di instabilit\u00e0 di alcuni piloni, la perizia confermer\u00e0 che non sono utilizzabili le linee questo comporter\u00e0 una serie di lavori di messa in sicurezza dei cavi e degli interventi notevoli, ma pi\u00f9 che altro un cambiamento del metodo di trasporto (via camion) che porterebbe a maggiori costi tra 0,5 e 1 milione di euro&#8221;.<\/p>\n","protected":false},"excerpt":{"rendered":"<p>&#8220;Ogni giorno il porto di Savona manda verso il basso Piemonte 1000 mezzi, senza la A6 le aziende perderanno clienti&#8221;<\/p>\n","protected":false},"author":10593,"featured_media":0,"comment_status":"open","ping_status":"closed","sticky":false,"template":"","format":"standard","meta":{"footnotes":""},"categories":[45296,35],"tags":[],"class_list":["post-483086","post","type-post","status-publish","format-standard","hentry","category-copertina","category-economia"],"amp_validity":null,"amp_enabled":true,"_links":{"self":[{"href":"https:\/\/staging.ivg.it\/ediapi\/wp\/v2\/posts\/483086","targetHints":{"allow":["GET"]}}],"collection":[{"href":"https:\/\/staging.ivg.it\/ediapi\/wp\/v2\/posts"}],"about":[{"href":"https:\/\/staging.ivg.it\/ediapi\/wp\/v2\/types\/post"}],"author":[{"embeddable":true,"href":"https:\/\/staging.ivg.it\/ediapi\/wp\/v2\/users\/10593"}],"replies":[{"embeddable":true,"href":"https:\/\/staging.ivg.it\/ediapi\/wp\/v2\/comments?post=483086"}],"version-history":[{"count":0,"href":"https:\/\/staging.ivg.it\/ediapi\/wp\/v2\/posts\/483086\/revisions"}],"wp:attachment":[{"href":"https:\/\/staging.ivg.it\/ediapi\/wp\/v2\/media?parent=483086"}],"wp:term":[{"taxonomy":"category","embeddable":true,"href":"https:\/\/staging.ivg.it\/ediapi\/wp\/v2\/categories?post=483086"},{"taxonomy":"post_tag","embeddable":true,"href":"https:\/\/staging.ivg.it\/ediapi\/wp\/v2\/tags?post=483086"}],"curies":[{"name":"wp","href":"https:\/\/api.w.org\/{rel}","templated":true}]}}