{"id":483014,"date":"2019-11-25T12:12:19","date_gmt":"2019-11-25T11:12:19","guid":{"rendered":"http:\/\/www.ivg.it\/?p=483014"},"modified":"2019-11-25T15:36:37","modified_gmt":"2019-11-25T14:36:37","slug":"maltempo-vertice-in-prefettura-gruppo-pd-subito-lo-stato-di-emergenza-interventi-rapidi-e-potenziamento-treni","status":"publish","type":"post","link":"https:\/\/staging.ivg.it\/2019\/11\/maltempo-vertice-in-prefettura-gruppo-pd-subito-lo-stato-di-emergenza-interventi-rapidi-e-potenziamento-treni\/","title":{"rendered":"Maltempo, vertice in Prefettura. Gruppo Pd: &#8220;Subito lo stato di emergenza, interventi rapidi e potenziamento treni&#8221;"},"content":{"rendered":"<p><strong>Savona.<\/strong> Questa mattina i consiglieri regionali del Pd ligure Giovanni Lunardon e Mauro Righello &#8211; in rappresentanza del Gruppo del partito Democratico &#8211; erano in Prefettura a Savona con il Ministro De Micheli, per fare il punto sull\u2019emergenza maltempo in Liguria, anche a seguito del crollo del viadotto della A6. Con loro l&#8217;On. Franco Vazio.<\/p>\n<p>&#8220;Il Ministro, che ringraziamo per la tempestivit\u00e0 di intervento, ha assicurato che nel prossimo Cdm verr\u00e0 accordato l\u2019estensione dello stato di emergenza per la nostra regione e sar\u00e0 attivit\u00e0 la copertura finanziaria dei danni non solo attraverso il fondo nazionale delle Protezione civile, ma anche con i fondi europei. De Micheli ha assicurato che verr\u00e0 concessa la liberatoria per pagare le somme urgenze, anche prima che venga formalizzato lo stato di emergenza&#8221; affermano i consiglieri Dem.<\/p>\n<p>&#8220;Sono in corso le verifiche sul viadotto sud dell\u2019A6, anche attraverso il coinvolgimento della Fondazione Cima, allo scopo di riapre la circolazione in sicurezza nel pi\u00f9 breve tempo possibile&#8221;.<\/p>\n<p>&#8220;Per quanto riguarda la parte crollata il concessionario ha garantito il massimo impegno per il ripristino della carreggiate entro tre-quattro mesi, grazie all\u2019impiego di una nuova tecnica di realizzazione&#8221;. <\/p>\n<p>&#8220;Il Ministro ha concordato con le Ferrovie il potenziamenti del servizio passeggeri sulla Savona-Torino, per consentire l\u2019accessibilit\u00e0 alla Valbormida. De Micheli ha anche costituito una cabina di regia con Anas e con le istituzioni locali per coordinare gli interventi da mettere in atto, in particolare sul tema della viabilit\u00e0 (con il coordinamento del Prefetto)&#8221;.<\/p>\n<p>&#8220;Inoltre la questione Liguria sar\u00e0 al centro di un piano straordinario del Governo, che preveder\u00e0 una tavolo con le istituzioni locali per affrontare sia il dissesto idrogeologico, sia il tema del superamento del isolamento infrastrutturale della nostra regione&#8221; concludono.<\/p>\n<p>&#8220;Un doveroso ringraziamento al Ministro De Micheli per la tempestivit\u00e0 con cui \u00e8 intervenuta nel nostro territorio e per quanto dichiarato oggi. Il Ministro oltre ad assicurare il massimo impegno nel ripristino della viabilit\u00e0 in sicurezza e nella ricostruzione da parte del concessionario in 3-4 mesi, ha annunciato l\u2019estensione dello stato di emergenza per la nostra regione nel prossimo Cdm, con la copertura finanziaria dei danni, ha assicurato anche che verr\u00e0 concessa la liberatoria per pagare le somme urgenze, anche prima che venga formalizzato lo stato di emergenza&#8221;. Ad affermarlo \u00e8 il vicesegretario provinciale vicario Pd Roberto Arboscello.<\/p>\n<p>&#8220;Fondamentale anche il potenziamento del servizio ferroviario sul tratto Savona-Torino concordato dal Ministro con Ferrovie ma soprattutto l&#8217; istituzione da parte del Ministro di una cabina di regia, con il coordinamento del Sig. Prefetto, per coordinare gli interventi da mettere in atto, in particolare sul tema della viabilit\u00e0. Ma la cosa davvero fondamentale per i nostri territori espressa dal Ministro \u00e8 che la questione Liguria sar\u00e0 al centro di un piano straordinario del Governo, non solo per contrastare i problemi infrastrutturali ma per affrontare il problema idrogeologico. Questo \u00e8 davvero un fatto nuovo e fondamentale&#8221; conclude.<\/p>\n<p><em><strong>VERTICE IN PREFETTURA:<\/strong><\/em><br \/>\n<iframe loading=\"lazy\" style=\"border: none; overflow: hidden;\" src=\"https:\/\/www.facebook.com\/plugins\/video.php?href=https%3A%2F%2Fwww.facebook.com%2FIVG.it%2Fvideos%2F2617845944970490%2F&amp;show_text=0&amp;width=560\" width=\"560\" height=\"315\" frameborder=\"0\" scrolling=\"no\" allowfullscreen=\"allowfullscreen\"><\/iframe><\/p>\n","protected":false},"excerpt":{"rendered":"<p>Cabina di regia con Anas, Prefettura e istituzioni locali<\/p>\n","protected":false},"author":4,"featured_media":0,"comment_status":"open","ping_status":"closed","sticky":false,"template":"","format":"standard","meta":{"footnotes":""},"categories":[45296,34,31],"tags":[110839,89022,197,89939],"class_list":["post-483014","post","type-post","status-publish","format-standard","hentry","category-copertina","category-cronaca","category-politica","tag-allerta-rossa-23-novembre-2019","tag-gruppo-pd-regione","tag-pd","tag-viadotto-a6","post_tag_personaggi-franco-vazio","post_tag_personaggi-giovanni-lunardon","post_tag_personaggi-mauro-righello"],"amp_validity":null,"amp_enabled":true,"_links":{"self":[{"href":"https:\/\/staging.ivg.it\/ediapi\/wp\/v2\/posts\/483014","targetHints":{"allow":["GET"]}}],"collection":[{"href":"https:\/\/staging.ivg.it\/ediapi\/wp\/v2\/posts"}],"about":[{"href":"https:\/\/staging.ivg.it\/ediapi\/wp\/v2\/types\/post"}],"author":[{"embeddable":true,"href":"https:\/\/staging.ivg.it\/ediapi\/wp\/v2\/users\/4"}],"replies":[{"embeddable":true,"href":"https:\/\/staging.ivg.it\/ediapi\/wp\/v2\/comments?post=483014"}],"version-history":[{"count":0,"href":"https:\/\/staging.ivg.it\/ediapi\/wp\/v2\/posts\/483014\/revisions"}],"wp:attachment":[{"href":"https:\/\/staging.ivg.it\/ediapi\/wp\/v2\/media?parent=483014"}],"wp:term":[{"taxonomy":"category","embeddable":true,"href":"https:\/\/staging.ivg.it\/ediapi\/wp\/v2\/categories?post=483014"},{"taxonomy":"post_tag","embeddable":true,"href":"https:\/\/staging.ivg.it\/ediapi\/wp\/v2\/tags?post=483014"}],"curies":[{"name":"wp","href":"https:\/\/api.w.org\/{rel}","templated":true}]}}