{"id":483000,"date":"2019-11-25T10:57:00","date_gmt":"2019-11-25T09:57:00","guid":{"rendered":"http:\/\/www.ivg.it\/?p=483000"},"modified":"2019-11-25T12:25:25","modified_gmt":"2019-11-25T11:25:25","slug":"strade-provinciali-ultime-verifiche-sul-cadibona-per-il-senso-unico-alternato","status":"publish","type":"post","link":"https:\/\/staging.ivg.it\/2019\/11\/strade-provinciali-ultime-verifiche-sul-cadibona-per-il-senso-unico-alternato\/","title":{"rendered":"Strade provinciali, ultime verifiche sul Cadibona per il senso unico alternato"},"content":{"rendered":"<p><strong>Provincia.<\/strong> <strong>Ultime verifiche sul Cadibona per il senso unico alternato<\/strong>: lo ha annunciato il <strong>presidente della Provincia Pierangelo Olivieri<\/strong> a margine del vertice di questa mattina in Prefettura sull&#8217;emergenza viabilit\u00e0 a seguito di frane e smottamenti che hanno interessato su vari fronti il savonese. Questa mattina <strong>nuovo sopralluogo<\/strong> e si spera che in giornata possa essere ripristinata, almeno parzialmente, la viabilit\u00e0, anche per ridare un collegamento viario tra Savona e la Val Bormida dopo il crollo della A6.<\/p>\n<p>&#8220;<strong>Lavoriamo come se avessimo gi\u00e0 ottenuto le risorse per lo stato di emergenza<\/strong>, come ribadito dal ministro questa mattina: abbiamo gi\u00e0 attivato geologi e personale tecnico per operare in maniera continuativa sulla viabilit\u00e0 provinciale&#8221; ha aggiunto.<\/p>\n<p>Quanto alla <strong>situazione del Cadibona<\/strong>: &#8220;Dobbiamo limitare l&#8217;esportazione materiale, lasciarlo l\u00ec, accelerare sui tempi e poter aprire almeno senso unico alternato prima di ragionare su un intervento pi\u00f9 strutturale&#8221;. <\/p>\n<p>Il presidente Olivieri ha poi parlato delle<strong> altre strade provinciali<\/strong>: &#8220;<strong>A Stella e San Martino \u00e8 un disastro<\/strong> in quanto \u00e8 sceso un fronte di strada,<strong> difficile anche la situazione a Rialto<\/strong>, resta chiusa anche la statale nel Cebano per Albenga e quella per Acqui. Le strade che dalla Valbormida si collegano verso Borghetto Santo Spirito cominciano ad avere un traffico congestionato&#8221;.<\/p>\n<p>&#8220;Sulla <strong>Sp 490, ex statale del Melogno, ci sono due cedimenti strutturali<\/strong> che stiamo valutando, \u00e8 una strada fondamentale per la mobilit\u00e0 verso l&#8217;entroterra e la Val Bormida, cos\u00ec come altri collegamenti stradali dovranno essere valutati con attenzione prima di intervenire&#8221; conclude il presidente Olivieri.<\/p>\n<p><em><strong>IL PUNTO DALLA PREFETTURA DI SAVONA<\/strong><\/em><\/p>\n<p><iframe loading=\"lazy\" style=\"border: none; overflow: hidden;\" src=\"https:\/\/www.facebook.com\/plugins\/video.php?href=https%3A%2F%2Fwww.facebook.com%2FIVG.it%2Fvideos%2F2617845944970490%2F&amp;show_text=0&amp;width=560\" width=\"560\" height=\"315\" frameborder=\"0\" scrolling=\"no\" allowfullscreen=\"allowfullscreen\"><\/iframe><\/p>\n","protected":false},"excerpt":{"rendered":"<p>Priorit\u00e0 il Cadibona, sulla Sp 490 del Melogno due cedimenti strutturali<\/p>\n","protected":false},"author":4,"featured_media":0,"comment_status":"open","ping_status":"closed","sticky":false,"template":"","format":"standard","meta":{"footnotes":""},"categories":[45296,34,31],"tags":[110839,3585,108133],"class_list":["post-483000","post","type-post","status-publish","format-standard","hentry","category-copertina","category-cronaca","category-politica","tag-allerta-rossa-23-novembre-2019","tag-provincia-savona","tag-strada-provinciale-del-cadibona","post_cat_citta-savona","post_tag_personaggi-pierangelo-olivieri"],"amp_validity":null,"amp_enabled":true,"_links":{"self":[{"href":"https:\/\/staging.ivg.it\/ediapi\/wp\/v2\/posts\/483000","targetHints":{"allow":["GET"]}}],"collection":[{"href":"https:\/\/staging.ivg.it\/ediapi\/wp\/v2\/posts"}],"about":[{"href":"https:\/\/staging.ivg.it\/ediapi\/wp\/v2\/types\/post"}],"author":[{"embeddable":true,"href":"https:\/\/staging.ivg.it\/ediapi\/wp\/v2\/users\/4"}],"replies":[{"embeddable":true,"href":"https:\/\/staging.ivg.it\/ediapi\/wp\/v2\/comments?post=483000"}],"version-history":[{"count":0,"href":"https:\/\/staging.ivg.it\/ediapi\/wp\/v2\/posts\/483000\/revisions"}],"wp:attachment":[{"href":"https:\/\/staging.ivg.it\/ediapi\/wp\/v2\/media?parent=483000"}],"wp:term":[{"taxonomy":"category","embeddable":true,"href":"https:\/\/staging.ivg.it\/ediapi\/wp\/v2\/categories?post=483000"},{"taxonomy":"post_tag","embeddable":true,"href":"https:\/\/staging.ivg.it\/ediapi\/wp\/v2\/tags?post=483000"}],"curies":[{"name":"wp","href":"https:\/\/api.w.org\/{rel}","templated":true}]}}