{"id":482588,"date":"2019-11-21T10:16:05","date_gmt":"2019-11-21T09:16:05","guid":{"rendered":"http:\/\/www.ivg.it\/?p=482588"},"modified":"2019-11-21T10:21:54","modified_gmt":"2019-11-21T09:21:54","slug":"alunni-in-piazza-a-varazze-per-la-giornata-mondiale-dei-diritti-dellinfanzia-e-delladolescenza","status":"publish","type":"post","link":"https:\/\/staging.ivg.it\/2019\/11\/alunni-in-piazza-a-varazze-per-la-giornata-mondiale-dei-diritti-dellinfanzia-e-delladolescenza\/","title":{"rendered":"Alunni in piazza a Varazze per la Giornata Mondiale dei Diritti dell&#8217;Infanzia e dell&#8217;Adolescenza"},"content":{"rendered":"<p><strong>Varazze.<\/strong> Il 20 novembre, &#8220;Giornata Mondiale dei Diritti dell&#8217;Infanzia e dell&#8217;Adolescenza&#8221;, gli alunni delle scuole varazzine sono scesi in piazza con i &#8220;Giochi Cooperativi per la Pace&#8221;.<\/p>\n<p>Ben 15 classi, comprendenti gli alunni della Scuola Primaria &#8220;G. Massone&#8221; e della Scuola Secondaria di Primo Grado &#8220;F. De Andr\u00e9&#8221; di Varazze, nella mattinata di mercoled\u00ec 20 novembre hanno partecipato alla &#8220;Giornata Mondiale dei Diritti dell&#8217;Infanzia e dell&#8217;Adolescenza&#8221;, aderendo con entusiasmo al Progetto Internazionale &#8220;La Terra: la nostra piazza per giocare&#8221;, secondo l&#8217;invito del referente per l&#8217;Ufficio Scolastico Regionale per la Liguria, Roberto Anselmi.<\/p>\n<p>Gli alunni, accompagnati dai rispettivi insegnanti, presenti il Vice Sindaco Luigi Pierfederici e l&#8217;Assessore alla Cultura Mariangela Calcagno, sono confluiti in piazza Dante, sulla via di scorrimento dei giardini di Viale Nazioni Unite e sulla &#8220;ex passeggiata di gomma&#8221;, portando una ventata di gioiosa giovent\u00f9 e riproponendo i giochi di strada che univano le generazioni del passato in una armonia di fraternit\u00e0, oggi pi\u00f9 che mai necessaria per ritrovare i valori della comprensione fra le varie comunit\u00e0 ed etnie, cultura di vera pace fra i popoli.<\/p>\n<p>La manifestazione, che ha trovato a Varazze un terreno fertile e ben coltivato nell&#8217;ambito della Scuola, si \u00e8 svolta in tutto il mondo in contemporanea, pur con fusi e orari diversi, quasi un ideale magnifico e colorato girotondo che vorremmo si avverasse veramente sul nostro pianeta, perch\u00e9 forse soltanto i giovani potranno salvarci con la loro esuberante innocenza.<\/p>\n<p>Poesia a tema di Mario Traversi consegnata agli alunni ed insegnanti dall\u2019assessore alla Cultura Mariangela Calcagno.<\/p>\n<p><em><strong>Le parole e poi i fatti<\/strong><\/em><\/p>\n<blockquote><p>I grandi temi del momento,<br \/>\nl&#8217;impegno, il parlamento, la crisi.<br \/>\nNoi che guardiamo avanti smarriti<br \/>\ne cerchiamo nuovi Dei<br \/>\ncui consegnarci rassegnati.<br \/>\nMalati di insicurezza.<br \/>\nLa bellezza della lotta sfiorita.<br \/>\nUn&#8217;infinita voglia di dire basta.<br \/>\nDi ricominciare daccapo.<br \/>\nEcco, forse loro, i bambini<br \/>\nsalveranno il mondo.<br \/>\nDa un profondo assoluto d&#8217;innocenza.<\/p><\/blockquote>\n<p><em>(Testo e foto di Mario Traversi)<\/em><\/p>\n","protected":false},"excerpt":{"rendered":"<p>Sono state 15 le classi che hanno preso parte all&#8217;iniziativa<\/p>\n","protected":false},"author":4,"featured_media":0,"comment_status":"open","ping_status":"closed","sticky":false,"template":"","format":"standard","meta":{"footnotes":""},"categories":[45296,56],"tags":[104610,689],"class_list":["post-482588","post","type-post","status-publish","format-standard","hentry","category-copertina","category-altre","tag-giornata-internazionale-per-i-diritti-dellinfanzia-e-delladolescenza","tag-scuole","post_cat_citta-varazze","post_tag_personaggi-mariangela-calcagno"],"amp_validity":null,"amp_enabled":true,"_links":{"self":[{"href":"https:\/\/staging.ivg.it\/ediapi\/wp\/v2\/posts\/482588","targetHints":{"allow":["GET"]}}],"collection":[{"href":"https:\/\/staging.ivg.it\/ediapi\/wp\/v2\/posts"}],"about":[{"href":"https:\/\/staging.ivg.it\/ediapi\/wp\/v2\/types\/post"}],"author":[{"embeddable":true,"href":"https:\/\/staging.ivg.it\/ediapi\/wp\/v2\/users\/4"}],"replies":[{"embeddable":true,"href":"https:\/\/staging.ivg.it\/ediapi\/wp\/v2\/comments?post=482588"}],"version-history":[{"count":0,"href":"https:\/\/staging.ivg.it\/ediapi\/wp\/v2\/posts\/482588\/revisions"}],"wp:attachment":[{"href":"https:\/\/staging.ivg.it\/ediapi\/wp\/v2\/media?parent=482588"}],"wp:term":[{"taxonomy":"category","embeddable":true,"href":"https:\/\/staging.ivg.it\/ediapi\/wp\/v2\/categories?post=482588"},{"taxonomy":"post_tag","embeddable":true,"href":"https:\/\/staging.ivg.it\/ediapi\/wp\/v2\/tags?post=482588"}],"curies":[{"name":"wp","href":"https:\/\/api.w.org\/{rel}","templated":true}]}}