{"id":482538,"date":"2019-11-20T16:53:04","date_gmt":"2019-11-20T15:53:04","guid":{"rendered":"http:\/\/www.ivg.it\/?p=482538"},"modified":"2019-11-20T16:53:04","modified_gmt":"2019-11-20T15:53:04","slug":"savona-iniziative-pre-natalizie-con-fabio-incorvaia-i-supereroi-della-pediatria-e-un-banchetto-solidale","status":"publish","type":"post","link":"https:\/\/staging.ivg.it\/2019\/11\/savona-iniziative-pre-natalizie-con-fabio-incorvaia-i-supereroi-della-pediatria-e-un-banchetto-solidale\/","title":{"rendered":"Savona, iniziative pre-natalizie con Fabio Incorvaia, i supereroi della Pediatria e un banchetto solidale"},"content":{"rendered":"<p><strong>Savona<\/strong>. Sabato 23 novembre sar\u00e0 allestito un <strong>banchetto pre-natalizio<\/strong> presso lo spazio per il <strong>volontariato<\/strong> della Galleria Commerciale <strong>Il Gabbiano di Savona<\/strong>, piano terra (vicino a Carpisa).<\/p>\n<p>&#8220;Insieme a noi, ad accogliervi dalle 15 ci saranno, insieme ai nostri bimbi, anche i<strong> Supereroi della<\/strong> nostra <strong>Pediatria<\/strong> ospedaliera ed il 7 volte campione del mondo di Jet sky, <strong>Fabio Incorvaia<\/strong> che, insieme a tutto il suo meraviglioso entourage, ci ha catapultato questa estate in tutte le tappe provinciali del suo progetto di Jet sky teraphy rivolto ai nostri bimbi e ragazzi&#8221; raccontano dall&#8217;<strong>associazione Seconda stella a destra Onlus<\/strong>.<\/p>\n<p>&#8220;Tutti insieme, per la prima volta, allo scopo di sostenerci nella raccolta fondi natalizia e portare avanti, con maggiore forza, tutti i <strong>progetti<\/strong> che abbiamo nuovamente avviato per i <strong>bambini con disabilit\u00e0 e le loro famiglie<\/strong>. Tra questi: Il &#8216;Vaso dei suoni&#8217;, il progetto di &#8216;danza inclusiva&#8217;, &#8216;un cavallo per amico, dedicato a Marta&#8217;, pi\u00f9 altre attivit\u00e0, come i laboratori creativi di Cromoterapia rivolti a tutti e a tutte le et\u00e0, che, finalmente, da gennaio 2020 potremmo realizzare presso la nostra sede, nella Casa del Volontariato di Savona&#8221; proseguono.<\/p>\n<p>&#8220;Otre a questi sopracitati progetti, riprenderanno i &#8216;Laboratori inclusi di Attacchi d\u2019arte&#8217;, avvieremo le &#8216;Letture ad alta voce&#8217; a tema per bambini e siamo in attesa di ricevere le ufficiali autorizzazioni da Asl2 e Comune per avviare il primo inderogabile &#8216;Sportello di Sostegno e Orientamento per Neogenitori di figli con patologie alla nascita o acquisite'&#8221;.<\/p>\n<p>Sul banchetto solidale, dalle 9 alle 18, \u00e8 possibile trovare le &#8220;<strong>pigottine<\/strong> fatte da alcune delle nostre mamme, le nostre Cuspidi di boules di cioccolato al latte con crema di Bayles e le cartoline solidali della nostra associazione. Certi che, grazie all\u2019aiuto di tutti, si possa davvero trascorrere un Natale meno egoistico e pi\u00f9 concentrato sul donare qualcosa per aiutare altri&#8221;.<\/p>\n<p>&nbsp;<\/p>\n","protected":false},"excerpt":{"rendered":"<p>Sabato 23 novembre dalle 9 alle 18 \u00e8 possibile partecipare all&#8217;evento solidale<\/p>\n","protected":false},"author":18838,"featured_media":0,"comment_status":"open","ping_status":"closed","sticky":false,"template":"","format":"standard","meta":{"footnotes":""},"categories":[56],"tags":[798],"class_list":["post-482538","post","type-post","status-publish","format-standard","hentry","category-altre","tag-solidarieta","post_cat_citta-savona"],"amp_validity":null,"amp_enabled":true,"_links":{"self":[{"href":"https:\/\/staging.ivg.it\/ediapi\/wp\/v2\/posts\/482538","targetHints":{"allow":["GET"]}}],"collection":[{"href":"https:\/\/staging.ivg.it\/ediapi\/wp\/v2\/posts"}],"about":[{"href":"https:\/\/staging.ivg.it\/ediapi\/wp\/v2\/types\/post"}],"author":[{"embeddable":true,"href":"https:\/\/staging.ivg.it\/ediapi\/wp\/v2\/users\/18838"}],"replies":[{"embeddable":true,"href":"https:\/\/staging.ivg.it\/ediapi\/wp\/v2\/comments?post=482538"}],"version-history":[{"count":0,"href":"https:\/\/staging.ivg.it\/ediapi\/wp\/v2\/posts\/482538\/revisions"}],"wp:attachment":[{"href":"https:\/\/staging.ivg.it\/ediapi\/wp\/v2\/media?parent=482538"}],"wp:term":[{"taxonomy":"category","embeddable":true,"href":"https:\/\/staging.ivg.it\/ediapi\/wp\/v2\/categories?post=482538"},{"taxonomy":"post_tag","embeddable":true,"href":"https:\/\/staging.ivg.it\/ediapi\/wp\/v2\/tags?post=482538"}],"curies":[{"name":"wp","href":"https:\/\/api.w.org\/{rel}","templated":true}]}}