{"id":482509,"date":"2019-11-20T15:32:42","date_gmt":"2019-11-20T14:32:42","guid":{"rendered":"http:\/\/www.ivg.it\/?p=482509"},"modified":"2019-11-20T15:32:42","modified_gmt":"2019-11-20T14:32:42","slug":"albisola-ceramiche-nel-verde-al-via-le-votazioni-per-lopera-preferita","status":"publish","type":"post","link":"https:\/\/staging.ivg.it\/2019\/11\/albisola-ceramiche-nel-verde-al-via-le-votazioni-per-lopera-preferita\/","title":{"rendered":"&#8220;Albisola, Ceramiche nel verde&#8221;: al via le votazioni per l&#8217;opera preferita"},"content":{"rendered":"<p><strong>Albisola Superiore<\/strong>. Il concorso nazionale \u201c<strong>Albisola: ceramica nel verde<\/strong>\u201d prosegue con la fase di <strong>votazione delle cinque opere selezionate<\/strong>.<\/p>\n<p><strong>Sino al 29 novembre<\/strong> tutti potranno esprimere la propria preferenza votando una delle cinque opere selezionate sul sito del Comune di Albisola Superiore (<a href=\"http:\/\/www.comune.albisola-superiore.sv.it\">www.comune.albisola-superiore.sv.it<\/a>). All&#8217;artista che otterr\u00e0 pi\u00f9 preferenze sar\u00e0 assegnato il <strong>premio<\/strong> della giuria popolare del valore di <strong>1500 euro<\/strong>.<\/p>\n<p>Inizia cos\u00ec la fase finale del concorso nazionale, indetto dall&#8217;amministrazione comunale della citt\u00e0 di Albisola Superiore, con il patrocinio e il sostegno dell&#8217;<strong>Associazione italiana Citt\u00e0 della Ceramica<\/strong> (AiCC) \u201cBuongiorno Ceramica\u201d, nato per valorizzare e promuovere l&#8217;eccellenza artistica che contraddistingue la citt\u00e0. Le cinque opere selezionate dalla giuria tecnica sono state installate e, a partire da oggi, mercoled\u00ec 20 novembre, sar\u00e0 la giuria popolare ad esprimersi.<\/p>\n<p>Per finire, nel mese di dicembre, la giuria tecnica composta dal presidente Giuseppe Bertero (professore di discipline pittoriche, scenografo e curatore della Mostra della Ceramica di Castellamonte), da Tiziana Casapietra (direttore artistico del Museo della Ceramica di Savona) e da Massimo Agamennone (architetto e dirigente tecnico del Comune di Albisola Superiore) sar\u00e0 chiamata a votare l&#8217;opera che esprime maggiormente la relazione tra l&#8217;espressione artistica e l&#8217;identit\u00e0 del territorio albisolese.<\/p>\n<p>Commenta l\u2019assessore al turismo <strong>Luca Ottonello<\/strong>: &#8220;A distanza di un anno dal lancio della prima edizione del concorso nazionale &#8216;Ceramica nel Verde&#8217; entriamo nella fase finale nella quale la giuria tecnica e la giuria popolare potranno scegliere le opere vincitrici i premi in palio in denaro&#8221;.<\/p>\n<div class=\"single-img-content-container fullwidth-single shortcode standard\">\n    <div class=\"image_container\" style=\"text-align: center;\">\n        <picture class=\" lazyload\"><img loading=\"lazy\" class=\"lazy\" data-srcset=\"https:\/\/www.ivg.it\/photogallery_new\/images\/2019\/11\/generica-592768.jpg 1024w, https:\/\/www.ivg.it\/photogallery_new\/images\/2019\/11\/generica-592768.jpg 970w, https:\/\/www.ivg.it\/photogallery_new\/images\/2019\/11\/generica-592768.jpg 660w, https:\/\/www.ivg.it\/photogallery_new\/images\/2019\/11\/generica-592768.jpg 316w, https:\/\/www.ivg.it\/photogallery_new\/images\/2019\/11\/generica-592768.jpg 150w\"  data-src=\"https:\/\/www.ivg.it\/photogallery_new\/images\/2019\/11\/generica-592768.jpg\" alt=\"Albisola, ceramiche nel verde\" \/><\/picture>\r\n\n    <\/div>\n    <\/div>\n\n<p>&#8220;Nello specifico &#8211; continua Ottonello &#8211; con la votazione online abbiamo voluto dare la parola agli amanti di Albisola, cittadini e turisti, in modo che possano votare la loro opera preferita tra le <strong>cinque selezionate<\/strong> dalla giuria tecnica in fase concorsuale e gi\u00e0 installate nelle aree verdi presenti nella nostra citt\u00e0. Si tratta di un&#8217;<strong>operazione di cittadinanza attiva e partecipata&#8221;<\/strong>.<\/p>\n<p>&#8220;Questo concorso \u00e8 stato pensato e promosso dal mio assessorato al fine di valorizzare ed arredare il tessuto urbano con opere in ceramica, quale eccellenza artigiana del nostro territorio&#8221; conclude l&#8217;assessore.<\/p>\n","protected":false},"excerpt":{"rendered":"<p>Chiunque pu\u00f2 esprimere un giudizio sul sito internet del Comune fino al 29 novembre<\/p>\n","protected":false},"author":18838,"featured_media":0,"comment_status":"open","ping_status":"closed","sticky":false,"template":"","format":"standard","meta":{"footnotes":""},"categories":[56],"tags":[],"class_list":["post-482509","post","type-post","status-publish","format-standard","hentry","category-altre","post_cat_citta-albisola-superiore","post_tag_personaggi-luca-ottonello"],"amp_validity":null,"amp_enabled":true,"_links":{"self":[{"href":"https:\/\/staging.ivg.it\/ediapi\/wp\/v2\/posts\/482509","targetHints":{"allow":["GET"]}}],"collection":[{"href":"https:\/\/staging.ivg.it\/ediapi\/wp\/v2\/posts"}],"about":[{"href":"https:\/\/staging.ivg.it\/ediapi\/wp\/v2\/types\/post"}],"author":[{"embeddable":true,"href":"https:\/\/staging.ivg.it\/ediapi\/wp\/v2\/users\/18838"}],"replies":[{"embeddable":true,"href":"https:\/\/staging.ivg.it\/ediapi\/wp\/v2\/comments?post=482509"}],"version-history":[{"count":0,"href":"https:\/\/staging.ivg.it\/ediapi\/wp\/v2\/posts\/482509\/revisions"}],"wp:attachment":[{"href":"https:\/\/staging.ivg.it\/ediapi\/wp\/v2\/media?parent=482509"}],"wp:term":[{"taxonomy":"category","embeddable":true,"href":"https:\/\/staging.ivg.it\/ediapi\/wp\/v2\/categories?post=482509"},{"taxonomy":"post_tag","embeddable":true,"href":"https:\/\/staging.ivg.it\/ediapi\/wp\/v2\/tags?post=482509"}],"curies":[{"name":"wp","href":"https:\/\/api.w.org\/{rel}","templated":true}]}}