{"id":482479,"date":"2019-11-20T11:09:04","date_gmt":"2019-11-20T10:09:04","guid":{"rendered":"http:\/\/www.ivg.it\/?p=482479"},"modified":"2019-11-20T11:09:28","modified_gmt":"2019-11-20T10:09:28","slug":"piano-sociale-di-distretto-e-nuova-carta-dei-servizi-incontro-a-finale-ligure","status":"publish","type":"post","link":"https:\/\/staging.ivg.it\/2019\/11\/piano-sociale-di-distretto-e-nuova-carta-dei-servizi-incontro-a-finale-ligure\/","title":{"rendered":"Piano sociale di Distretto e nuova Carta dei servizi: incontro a Finale Ligure"},"content":{"rendered":"<p><strong>Finale Ligure.<\/strong> Il Distretto sociosanitario n.5 Finalese ha indetto una conferenza stampa finalizzata alla presentazione dell&#8217;avvio di una ricerca socioambientale sul territorio del Distretto sociale Finalese finalizzata alla stesura di un Piano sociale di Distretto ed all&#8217;elaborazione di una nuova Carta dei servizi.\u00a0Appuntamento il prossimo\u00a05 dicembre alle 12 presso la Sala consiliare del Comune di Finale Ligure<\/p>\n<p>Il\u00a0 Distretto sociosanitario n.5 Finalese \u00e8 costituito da 16 comuni con caratteristiche tra loro disomogenee: in particolare i Comuni medio-piccoli dell&#8217;entroterra presentano realt\u00e0 sociali, ambientali ed economiche ben differenti rispetto a quelli della fascia costiera.<\/p>\n<p>A fronte di tale diversit\u00e0\u00a0 \u00e8 emersa, da parte dei tecnici e della parte politica, la consapevolezza dell&#8217;utilit\u00e0 di \u201crileggere\u201d il patrimonio informativo attraverso l&#8217;analisi\u00a0 del contesto socio-ambientale per riuscire ad ottenere una lettura obiettiva ed aggiornata sui dati provenienti dal territorio.<\/p>\n<p>Tutto ci\u00f2 allo scopo di fare emergere i fattori di rischio e fragilit\u00e0, ma anche i punti di forza e le potenzialit\u00e0 al fine di basare le future decisioni e la programmazioni politica e tecnica su dati attendibili che aiutino a leggere con occhi nuovi i bisogni emergenti e rilevanti.<\/p>\n<p>A seguito della manifestazione di interesse deliberata dal Distretto sociosanitario n. 5 \u201cFinalese\u201d per la stesura di una ricerca socio-ambientale nei Comuni di appartenenza, si attesta che il Consorzio sociale Il Sestante e il dott. Stefano Padovano, in qualit\u00e0 di ricercatore e direttore scientifico della ricerca, sono incaricati a svolgere le attivit\u00e0 di indagine\u00a0 finalizzate all&#8217;elaborazione di un Piano sociale distrettuale ed alla stesura della nuova Carta dei Servizi.<\/p>\n<p>In considerazione delle gi\u00e0 consolidate prassi operative espresse dai Comuni che compongono il distretto, l\u2019apporto scientifico che andr\u00e0 ad aggiungersi con la realizzazione della ricerca sar\u00e0 d\u2019aiuto per aggiornare i punti di saldatura tra la domanda dei cittadini e le risposte delle amministrazioni.<\/p>\n","protected":false},"excerpt":{"rendered":"<p>Iniziativa promossa dal Distretto sociosanitario n.5 Finalese<\/p>\n","protected":false},"author":18599,"featured_media":0,"comment_status":"open","ping_status":"closed","sticky":false,"template":"","format":"standard","meta":{"footnotes":""},"categories":[56],"tags":[15806,63787],"class_list":["post-482479","post","type-post","status-publish","format-standard","hentry","category-altre","tag-carta-dei-servizi","tag-distretto-socio-sanitario-finalese","post_cat_citta-finale-ligure"],"amp_validity":null,"amp_enabled":true,"_links":{"self":[{"href":"https:\/\/staging.ivg.it\/ediapi\/wp\/v2\/posts\/482479","targetHints":{"allow":["GET"]}}],"collection":[{"href":"https:\/\/staging.ivg.it\/ediapi\/wp\/v2\/posts"}],"about":[{"href":"https:\/\/staging.ivg.it\/ediapi\/wp\/v2\/types\/post"}],"author":[{"embeddable":true,"href":"https:\/\/staging.ivg.it\/ediapi\/wp\/v2\/users\/18599"}],"replies":[{"embeddable":true,"href":"https:\/\/staging.ivg.it\/ediapi\/wp\/v2\/comments?post=482479"}],"version-history":[{"count":0,"href":"https:\/\/staging.ivg.it\/ediapi\/wp\/v2\/posts\/482479\/revisions"}],"wp:attachment":[{"href":"https:\/\/staging.ivg.it\/ediapi\/wp\/v2\/media?parent=482479"}],"wp:term":[{"taxonomy":"category","embeddable":true,"href":"https:\/\/staging.ivg.it\/ediapi\/wp\/v2\/categories?post=482479"},{"taxonomy":"post_tag","embeddable":true,"href":"https:\/\/staging.ivg.it\/ediapi\/wp\/v2\/tags?post=482479"}],"curies":[{"name":"wp","href":"https:\/\/api.w.org\/{rel}","templated":true}]}}