{"id":482240,"date":"2019-11-18T12:37:26","date_gmt":"2019-11-18T11:37:26","guid":{"rendered":"http:\/\/www.ivg.it\/?p=482240"},"modified":"2019-11-18T13:05:32","modified_gmt":"2019-11-18T12:05:32","slug":"qualita-della-vita-gli-assessori-savonesi-della-lega-risultato-di-savona-premia-lavoro-dellamministrazione","status":"publish","type":"post","link":"https:\/\/staging.ivg.it\/2019\/11\/qualita-della-vita-gli-assessori-savonesi-della-lega-risultato-di-savona-premia-lavoro-dellamministrazione\/","title":{"rendered":"Qualit\u00e0 della vita, gli assessori savonesi della Lega: &#8220;Risultato di Savona premia lavoro dell&#8217;amministrazione&#8221;"},"content":{"rendered":"<p><strong>Savona.\u00a0<\/strong>Passa dal 75\u00b0 posto del 2018, al 55\u00b0 del 2019 la citt\u00e0 di Savona, nella classifica annuale &#8211; giunta alla 21ma edizione &#8211;\u00a0 della qualit\u00e0 della vita, svolta da ItaliaOggi ed Universit\u00e0 La Sapienza di Roma, in collaborazione con Cattolica Assicurazioni.<\/p>\n<p>La graduatoria contempla vari aspetti della vita tra i quali, lavoro, ambiente, sicurezza,istruzione,tenore di vita,turismo,ecc.<\/p>\n<p>&#8220;E&#8217; un dato importante &#8211;<b>\u00a0afferma l&#8217;assessore allo sviluppo economico Zunato<\/b> &#8211; che conferma la corretta strada intrapresa da questa Amministrazione.&#8221;<\/p>\n<p>&#8220;C&#8217;\u00e8 ancora tantissimo lavoro da fare &#8211; <strong>c<\/strong><b>ommenta il Vicesindaco Arecco<\/b> &#8211; tuttavia questo avanzamento di ben 20 posti, certificato da fonti autorevoli, attesta che la nostra Citt\u00e0, dopo anni di inerzia amministrativa, sta svoltando. Si tratta di processi lenti, non immediatamente percepibili dai cittadini, ma la via \u00e8 stata intrapresa e Savona \u00e8 di fatto uscita dalla letargia in cui le sinistre l&#8217;hanno tenuta per anni, non \u00e8 un&#8217;opinione, ma un dato ogettivo&#8221;.<\/p>\n","protected":false},"excerpt":{"rendered":"<p>Il comune ha guadagnato 17 posizioni rispetto allo scorso anno <\/p>\n","protected":false},"author":17962,"featured_media":0,"comment_status":"open","ping_status":"closed","sticky":false,"template":"","format":"standard","meta":{"footnotes":""},"categories":[45296,56,31],"tags":[4200,2941],"class_list":["post-482240","post","type-post","status-publish","format-standard","hentry","category-copertina","category-altre","category-politica","tag-lega","tag-qualita-della-vita","post_cat_citta-savona","post_tag_personaggi-maria-zunato","post_tag_personaggi-massimo-arecco"],"amp_validity":null,"amp_enabled":true,"_links":{"self":[{"href":"https:\/\/staging.ivg.it\/ediapi\/wp\/v2\/posts\/482240","targetHints":{"allow":["GET"]}}],"collection":[{"href":"https:\/\/staging.ivg.it\/ediapi\/wp\/v2\/posts"}],"about":[{"href":"https:\/\/staging.ivg.it\/ediapi\/wp\/v2\/types\/post"}],"author":[{"embeddable":true,"href":"https:\/\/staging.ivg.it\/ediapi\/wp\/v2\/users\/17962"}],"replies":[{"embeddable":true,"href":"https:\/\/staging.ivg.it\/ediapi\/wp\/v2\/comments?post=482240"}],"version-history":[{"count":0,"href":"https:\/\/staging.ivg.it\/ediapi\/wp\/v2\/posts\/482240\/revisions"}],"wp:attachment":[{"href":"https:\/\/staging.ivg.it\/ediapi\/wp\/v2\/media?parent=482240"}],"wp:term":[{"taxonomy":"category","embeddable":true,"href":"https:\/\/staging.ivg.it\/ediapi\/wp\/v2\/categories?post=482240"},{"taxonomy":"post_tag","embeddable":true,"href":"https:\/\/staging.ivg.it\/ediapi\/wp\/v2\/tags?post=482240"}],"curies":[{"name":"wp","href":"https:\/\/api.w.org\/{rel}","templated":true}]}}