{"id":482147,"date":"2019-11-16T14:22:13","date_gmt":"2019-11-16T13:22:13","guid":{"rendered":"http:\/\/www.ivg.it\/?p=482147"},"modified":"2019-11-16T14:33:36","modified_gmt":"2019-11-16T13:33:36","slug":"franco-petenzi-premiato-dai-colleghi-per-lattivita-regionale-e-il-giudice-piu-apprezzato-ditalia","status":"publish","type":"post","link":"https:\/\/staging.ivg.it\/2019\/11\/franco-petenzi-premiato-dai-colleghi-per-lattivita-regionale-e-il-giudice-piu-apprezzato-ditalia\/","title":{"rendered":"Franco Petenzi premiato dai colleghi per l&#8217;attivit\u00e0 regionale: \u00e8 il giudice pi\u00f9 apprezzato d&#8217;Italia"},"content":{"rendered":"<p><strong>Magliolo.<\/strong> &#8220;Fare il giudice \u00e8 una passione e lui<strong> \u00e8 il giudice perfetto, competente e presente<\/strong>&#8220;. Le parole di elogio gli giungono direttamente da chi ha a che fare con lui praticamente ogni fine settimana, ovverosia<strong> i colleghi.<\/strong> E ad esprimerlo sono anche <strong>i numeri<\/strong>, resi noti dalla <strong>Federazione Italiana di Atletica Leggera<\/strong> al termine della seconda edizione del sondaggio che ha assegnato i premi speciali GGG, cio\u00e8 dedicati ai giudici di gara: <strong>Franco Petenzi \u00e8 il vincitore nella categoria Attivit\u00e0 Regionale.<\/strong><\/p>\n<p><strong>Franco, che attualmente abita a Magliolo, classe 1955, ha alle spalle un ottimo passato da atleta<\/strong>; ora tutto viaggia sul web, ma gli appassionati del settore ne possono trovare testimonianza negli annali cartacei che riportano i risultati degli anni Settanta, Ottanta e Novanta. Con il passare degli anni, quando il fisico lo ha stoppato,<strong> ha scelto di rimanere nell&#8217;ambiente dell&#8217;atletica leggera che tanto gli aveva dato.<\/strong><\/p>\n<p>Ha svolto anche l&#8217;incombenza di <strong>dirigente societario,<\/strong> ma ben presto<strong> ha messo in mostra tutte le qualit\u00e0 necessarie per farsi apprezzare nel ruolo di giudice<\/strong>, sia dagli atleti che dagli organizzatori, cos\u00ec come dalla federazione e dai colleghi. Sono stati questi ultimi, appunto, ad incoronarlo <strong>vincitore nel sondaggio di fine stagione<\/strong>.<\/p>\n<p>Le <strong>qualit\u00e0 e la professionalit\u00e0<\/strong> con cui svolge <strong>un compito difficile<\/strong>, perch\u00e9 spesso facile oggetto di possibili critiche, sono espresse dai suoi colleghi pi\u00f9 vicini: &#8220;<strong>Un Uomo con la U maiuscola, generoso con i colleghi e con tutti gli atleti.<\/strong> Fa da tutor e da &#8216;taxi&#8217; agli altri giudici con cui partecipa alle trasferte per le gare, accompagna i colleghi a misurare le gare, d\u00e0 una mano a compilare i moduli. <strong>Si sporca le mani senza protestare e aiuta tutti per la buona riuscita delle manifestazioni<\/strong>, organizzatori in primis&#8221;.<\/p>\n<p>Come riporta il sito Fidal, nel sondaggio al quale hanno partecipato 1.148 giudici,\u00a0<strong>Petenzi si \u00e8 confermato una &#8220;figura amata e conosciuta lungo entrambe le riviere della Liguria&#8221;, raccogliendo 107 voti.<\/strong> Nettamente staccati gli altri due giudici saliti sul podio, ossia Milena Corradini, attivissimo membro della CTR lombarda e Paolo Mari, storica figura del GGG toscano. La premiazione avr\u00e0 luogo a Roma sabato 30 novembre a Roma durante il Consiglio federale.<\/p>\n<p><strong>In provincia non manca mai ad una gara, che sia in pista o su strada, nel weekend o in settimana,<\/strong> al punto che nel 2017 il Comitato regionale gli aveva consegnato <strong>un premio per aver superato le cento presenze annuali.<\/strong> Sempre presente, con competenza e disponibilit\u00e0, facendosi rispettare nel suo ruolo ma <strong>mostrandosi prima di tutto un amico, sia degli atleti che dei tecnici,<\/strong> come dovrebbe essere sempre in ogni\u00a0<strong>ambiente sportivo.<\/strong><\/p>\n","protected":false},"excerpt":{"rendered":"<p>I premi speciali GGG del 2019 incoronano il finalese: &#8220;Competente e presente, figura amata e conosciuta&#8221;<\/p>\n","protected":false},"author":18,"featured_media":0,"comment_status":"open","ping_status":"closed","sticky":false,"template":"","format":"standard","meta":{"footnotes":""},"categories":[45296,47716,32],"tags":[5280,74756],"class_list":["post-482147","post","type-post","status-publish","format-standard","hentry","category-copertina","category-atletica-sport","category-sport","tag-atletica-leggera","tag-fidal","post_cat_citta-magliolo","post_tag_personaggi-franco-petenzi"],"amp_validity":null,"amp_enabled":true,"_links":{"self":[{"href":"https:\/\/staging.ivg.it\/ediapi\/wp\/v2\/posts\/482147","targetHints":{"allow":["GET"]}}],"collection":[{"href":"https:\/\/staging.ivg.it\/ediapi\/wp\/v2\/posts"}],"about":[{"href":"https:\/\/staging.ivg.it\/ediapi\/wp\/v2\/types\/post"}],"author":[{"embeddable":true,"href":"https:\/\/staging.ivg.it\/ediapi\/wp\/v2\/users\/18"}],"replies":[{"embeddable":true,"href":"https:\/\/staging.ivg.it\/ediapi\/wp\/v2\/comments?post=482147"}],"version-history":[{"count":0,"href":"https:\/\/staging.ivg.it\/ediapi\/wp\/v2\/posts\/482147\/revisions"}],"wp:attachment":[{"href":"https:\/\/staging.ivg.it\/ediapi\/wp\/v2\/media?parent=482147"}],"wp:term":[{"taxonomy":"category","embeddable":true,"href":"https:\/\/staging.ivg.it\/ediapi\/wp\/v2\/categories?post=482147"},{"taxonomy":"post_tag","embeddable":true,"href":"https:\/\/staging.ivg.it\/ediapi\/wp\/v2\/tags?post=482147"}],"curies":[{"name":"wp","href":"https:\/\/api.w.org\/{rel}","templated":true}]}}