{"id":48209,"date":"2009-01-27T07:38:44","date_gmt":"2009-01-27T06:38:44","guid":{"rendered":"http:\/\/www.ivg.it\/?p=48209"},"modified":"2009-01-27T20:47:49","modified_gmt":"2009-01-27T19:47:49","slug":"albenga-il-vescovo-mario-oliveri-ha-incontrato-i-giornalisti","status":"publish","type":"post","link":"https:\/\/staging.ivg.it\/2009\/01\/albenga-il-vescovo-mario-oliveri-ha-incontrato-i-giornalisti\/","title":{"rendered":"Albenga, il vescovo Mario Oliveri ha incontrato i giornalisti"},"content":{"rendered":"<p><strong>[thumb:2704:l]Albenga<\/strong>. Come ogni anno, in occasione della Festa di San Francesco di Sales, patrono dei giornalisti, il vescovo di Albenga Monsignor Mario Oliveri ha incontrato, presso la curia vescovile, i rappresentanti della stampa locale. Ad invitare i giornalisti e gli operatori del settore all&#8217;incontro con il vescovo \u00e8 stato lo stesso responsabile dell&#8217;Ufficio Comunicazioni sociali della Diocesi di Albenga-Imperia,don Alessio Roggero.<\/p>\n<p>&#8220;Come avviene ormai da diversi anni &#8211; ha detto don Roggero &#8211; il vescovo Oliveri, invita i giornalisti che operano nella sua diocesi ad un incontro di reciproca stima ed amicizia. Il compito del giornalista \u00e8 senza dubbio uno dei pi\u00f9 delicati ed importanti della societ\u00e0 contemporanea&#8221;.<\/p>\n<p>&#8220;Sono felice di incontrarmi con voi &#8211; ha detto il vescovo Oliveri &#8211; per meglio capire le vostre personalit\u00e0, le intenzioni che vi animano, ed i diversi modi di riferire e commentare le notizie. Gli operatori dei mezzi di comunicazione sono sempre pi\u00f9 chiamati ad offrire un adeguato e competente contributo sui molteplici problemi e sulle vicende, che caratterizzano e coinvolgono il territorio diocesano. In questo loro lavoro sono ostacolati da tre nemici: i mass media, la ricerca del sensazionalismo e la fretta&#8221;.<\/p>\n<p>I massa media, infatti, a volte non rispettano la persona, assecondano troppo la curiosit\u00e0 del pubblico su temi alla moda e superficiali e mancano di approfondimento. Per quanto attiene alla riservatezza di certe tematiche ha poi aggiunto: &#8220;Non \u00e8 detto che si possa scrivere qualsiasi cosa, ci sono infatti notizie di carattere privato che richiedono riservatezza e pertanto non sempre possono essere rese pubbliche, soprattutto quando potrebbero nuocere al bene a ed alla sicurezza collettiva&#8221;.<\/p>\n<p>Erano presenti giornalisti ed operatori dell&#8217;informazione provenienti da tutta la Diocesi, non solo della carta stampata, ma anche delle radio e delle televisioni private operanti nel vasto territorio della diocesi ingauna. Il vescovo ha informato anche la stampa sul progetto della diocesi che si sta impegnando nella realizzazione di un Centro Educativo Cattolico, che avr\u00e0 la funzione di polo comprensoriale per le scuole confessionali e che sar\u00e0 realizzato nella zona di piazza Nenni, ad Albenga. Infine si \u00e8 anche parlato dell&#8217;impegno della Curia nella salvaguardia delle opere d&#8217;arte e dell&#8217;immenso patrimonio immobiliare e storico: nella diocesi ingauna le chiese da conservare sono quasi 700, oltre ad oratorio, cappelle e santuari.<\/p>\n","protected":false},"excerpt":{"rendered":"<p>[thumb:2704:l]Albenga. Come ogni anno, in occasione della Festa di San Francesco di Sales, patrono dei giornalisti, il vescovo di Albenga Monsignor Mario Oliveri ha incontrato, presso la curia vescovile, i rappresentanti della stampa locale. Ad invitare i giornalisti e gli operatori del settore all&#8217;incontro con il vescovo \u00e8 stato lo stesso responsabile dell&#8217;Ufficio Comunicazioni sociali [&hellip;]<\/p>\n","protected":false},"author":13744,"featured_media":0,"comment_status":"open","ping_status":"closed","sticky":false,"template":"","format":"standard","meta":{"footnotes":""},"categories":[],"tags":[3017,2765,539],"class_list":["post-48209","post","type-post","status-publish","format-standard","hentry","tag-giornalisti","tag-mario-oliveri","tag-vescovo","post_cat_citta-albenga"],"amp_validity":null,"amp_enabled":true,"_links":{"self":[{"href":"https:\/\/staging.ivg.it\/ediapi\/wp\/v2\/posts\/48209","targetHints":{"allow":["GET"]}}],"collection":[{"href":"https:\/\/staging.ivg.it\/ediapi\/wp\/v2\/posts"}],"about":[{"href":"https:\/\/staging.ivg.it\/ediapi\/wp\/v2\/types\/post"}],"author":[{"embeddable":true,"href":"https:\/\/staging.ivg.it\/ediapi\/wp\/v2\/users\/13744"}],"replies":[{"embeddable":true,"href":"https:\/\/staging.ivg.it\/ediapi\/wp\/v2\/comments?post=48209"}],"version-history":[{"count":0,"href":"https:\/\/staging.ivg.it\/ediapi\/wp\/v2\/posts\/48209\/revisions"}],"wp:attachment":[{"href":"https:\/\/staging.ivg.it\/ediapi\/wp\/v2\/media?parent=48209"}],"wp:term":[{"taxonomy":"category","embeddable":true,"href":"https:\/\/staging.ivg.it\/ediapi\/wp\/v2\/categories?post=48209"},{"taxonomy":"post_tag","embeddable":true,"href":"https:\/\/staging.ivg.it\/ediapi\/wp\/v2\/tags?post=48209"}],"curies":[{"name":"wp","href":"https:\/\/api.w.org\/{rel}","templated":true}]}}