{"id":48183,"date":"2009-01-27T16:57:58","date_gmt":"2009-01-27T15:57:58","guid":{"rendered":"http:\/\/www.ivg.it\/2009\/01\/27\/savona-nuovo-allestimento-per-due-piazze-del-centro\/"},"modified":"2009-01-28T13:05:04","modified_gmt":"2009-01-28T12:05:04","slug":"savona-nuovo-allestimento-per-due-piazze-del-centro","status":"publish","type":"post","link":"https:\/\/staging.ivg.it\/2009\/01\/savona-nuovo-allestimento-per-due-piazze-del-centro\/","title":{"rendered":"Savona, nuovo allestimento per due piazze del centro"},"content":{"rendered":"<p><strong>[thumb:2363:l]Savona. <\/strong>Sar\u00e0 il dipartimento di scienze per l&#8217;architettura dell&#8217;Universit\u00e0 di Genova a curare una ricerca sull&#8217;individuazione di forme di fruizione e allestimento delle piazze urbane, con particolare riferimento alla valorizzazione di piazza Marconi e di piazza Diaz. A deciderlo \u00e8 stata la giunta comunale savonese nella sua ultima riunione.<\/p>\n<p>&#8220;Si tratta di due tra le piazze pi\u00f9 belle della citt\u00e0&#8221; ha dichiatato l&#8217;assessore di Tullio, che poi ha proseguito: &#8220;Piazza Diaz incornicia il Teatro Chiabrera, fiore all&#8217;occhiello dell&#8217;architettura cittadina, mentre piazza Marconi \u00e8 impreziosita dalla fontana realizzata da Renata Cuneo, grande e storica artista savonese che, come \u00e8 noto, \u00e8 stata protagonista anche alla Biennale di Venezia&#8221;.<\/p>\n<p>&#8220;Nel quadro degli interventi di riqualificazione urbana &#8211; ha spiegato poi il responsabile dell&#8217;Urbanistica &#8211; abbiamo ritenuto opportuno non limitarci ad una generica  progettazione per due spazi cos\u00ec importanti. Sar\u00e0 cos\u00ec l&#8217;Universit\u00e0 di Genova con la Facolt\u00e0 di Architettura a svolgere un importante lavoro di approfondimento storico e culturale, per condividere delle linee di indirizzo progettuale&#8221;.<\/p>\n<p>Il referente del progetto, l&#8217;architetto Nicola Casiddu, ha sottolineato come la &#8220;convenzione rientri in un rapporto che la Facolt\u00e0 ha instaurato con enti del territorio per lo sviluppo della ricerca. A Savona coinvolgeremo gli studenti ma anche la cittadinanza. Vogliamo proporre delle soluzioni condivise per degli spazi importanti per la citt\u00e0&#8221;.<\/p>\n<p>Il lavoro di ricerca e documentazione partir\u00e0 subito, per arrivare ad un workshop ad inizio estate che far\u00e0 emergere le indicazioni progettuali. Si prevede una durata di un anno per questo lavoro propedeutico alla futura progettazione e risistemazione di questi due importantissimi spazi urbani.<\/p>\n","protected":false},"excerpt":{"rendered":"<p>[thumb:2363:l]Savona. Sar\u00e0 il dipartimento di scienze per l&#8217;architettura dell&#8217;Universit\u00e0 di Genova a curare una ricerca sull&#8217;individuazione di forme di fruizione e allestimento delle piazze urbane, con particolare riferimento alla valorizzazione di piazza Marconi e di piazza Diaz. A deciderlo \u00e8 stata la giunta comunale savonese nella sua ultima riunione. &#8220;Si tratta di due tra le [&hellip;]<\/p>\n","protected":false},"author":13744,"featured_media":0,"comment_status":"open","ping_status":"closed","sticky":false,"template":"","format":"standard","meta":{"footnotes":""},"categories":[],"tags":[6142,5834,86019,6143,6144,85850],"class_list":["post-48183","post","type-post","status-publish","format-standard","hentry","tag-allestimento","tag-architettura","tag-comune","tag-piazza-diaz","tag-piazza-marconi","tag-savona","post_cat_citta-savona"],"amp_validity":null,"amp_enabled":true,"_links":{"self":[{"href":"https:\/\/staging.ivg.it\/ediapi\/wp\/v2\/posts\/48183","targetHints":{"allow":["GET"]}}],"collection":[{"href":"https:\/\/staging.ivg.it\/ediapi\/wp\/v2\/posts"}],"about":[{"href":"https:\/\/staging.ivg.it\/ediapi\/wp\/v2\/types\/post"}],"author":[{"embeddable":true,"href":"https:\/\/staging.ivg.it\/ediapi\/wp\/v2\/users\/13744"}],"replies":[{"embeddable":true,"href":"https:\/\/staging.ivg.it\/ediapi\/wp\/v2\/comments?post=48183"}],"version-history":[{"count":0,"href":"https:\/\/staging.ivg.it\/ediapi\/wp\/v2\/posts\/48183\/revisions"}],"wp:attachment":[{"href":"https:\/\/staging.ivg.it\/ediapi\/wp\/v2\/media?parent=48183"}],"wp:term":[{"taxonomy":"category","embeddable":true,"href":"https:\/\/staging.ivg.it\/ediapi\/wp\/v2\/categories?post=48183"},{"taxonomy":"post_tag","embeddable":true,"href":"https:\/\/staging.ivg.it\/ediapi\/wp\/v2\/tags?post=48183"}],"curies":[{"name":"wp","href":"https:\/\/api.w.org\/{rel}","templated":true}]}}