{"id":481682,"date":"2019-11-12T09:14:31","date_gmt":"2019-11-12T08:14:31","guid":{"rendered":"http:\/\/www.ivg.it\/?p=481682"},"modified":"2019-11-12T09:14:31","modified_gmt":"2019-11-12T08:14:31","slug":"caso-liliana-segre-ciangherotti-ora-la-senatrice-diventi-cittadina-onoraria-di-albenga","status":"publish","type":"post","link":"https:\/\/staging.ivg.it\/2019\/11\/caso-liliana-segre-ciangherotti-ora-la-senatrice-diventi-cittadina-onoraria-di-albenga\/","title":{"rendered":"Caso Liliana Segre, Ciangherotti: &#8220;Ora la senatrice diventi cittadina onoraria di Albenga&#8221;"},"content":{"rendered":"<p><strong>Albenga.<\/strong> Il capogruppo di minoranza di Forza Italia di Albenga e assessore provinciale Eraldo Ciangherotti interviene &#8211; nuovamente &#8211; sul caso Liliana\u00a0Segre, la senatrice a vita minacciata di morte che, da qualche\u00a0giorno, vive sotto scorta.<\/p>\n<p>Spiega il consigliere di opposizione: &#8220;Con un ordine del giorno in Consiglio comunale ho chiesto di invitare la Senatrice a vita e, soprattutto, testimone e vittima della Shoah, Liliana Segre, ad essere madrina della consegna alla Citt\u00e0 di Albenga della Medaglia d&#8217;Oro al Valore Civile per commemorare le vittime trucidate tra il 1943 e il 1945, soprattutto da parte dei nazifascisti guidati dal, purtroppo celebre, Luciano Luberti, il &#8220;Boia di Albenga&#8221;.<\/p>\n<p>&#8220;L&#8217;amministrazione comunale a mezzo stampa ha gi\u00e0 dichiarato di accogliere la mia proposta &#8211; commenta Ciangherotti &#8211; credo, vista l&#8217;importanza dell&#8217;evento, possa essere l&#8217;occasione anche per conferire a Liliana Segre la cittadinanza onoraria della citt\u00e0 di Albenga, cos\u00ec come \u00e8 stato fatto a Ferrara da una giunta di centrodestra guidata dal leghista Alan Fabbri. Da ieri, infatti, con voto unanime del Consiglio comunale, Liliana Segre, sopravvissuta alla Shoah, \u00e8 cittadina onoraria di Ferrara&#8221;.<\/p>\n<p>Concude Ciangherotti: &#8220;Per quel che mi ricordo, Albenga non ha mai concesso una cittadinanza onoraria, farlo la prima volta nei confronti di una donna con la storia di Liliana Segre sarebbe, sicuramente, un evento di grande importanza morale e istituzionale, capace di mettere d&#8217;accordo tutto il Consiglio comunale di una Citt\u00e0 sicuramente antifascista e antirazzista&#8221;.<\/p>\n","protected":false},"excerpt":{"rendered":"<p>L&#8217;amministrazione comunale ha gi\u00e0 dichiarato di voler approvare la richiesta del consigliere di invitare la senatrice Segre ad Albenga <\/p>\n","protected":false},"author":17962,"featured_media":0,"comment_status":"open","ping_status":"closed","sticky":false,"template":"","format":"standard","meta":{"footnotes":""},"categories":[45296,56,31],"tags":[1840],"class_list":["post-481682","post","type-post","status-publish","format-standard","hentry","category-copertina","category-altre","category-politica","tag-minacce","post_cat_citta-albenga","post_tag_personaggi-eraldo-ciangherotti-2","post_tag_personaggi-liliana-segre"],"amp_validity":null,"amp_enabled":true,"_links":{"self":[{"href":"https:\/\/staging.ivg.it\/ediapi\/wp\/v2\/posts\/481682","targetHints":{"allow":["GET"]}}],"collection":[{"href":"https:\/\/staging.ivg.it\/ediapi\/wp\/v2\/posts"}],"about":[{"href":"https:\/\/staging.ivg.it\/ediapi\/wp\/v2\/types\/post"}],"author":[{"embeddable":true,"href":"https:\/\/staging.ivg.it\/ediapi\/wp\/v2\/users\/17962"}],"replies":[{"embeddable":true,"href":"https:\/\/staging.ivg.it\/ediapi\/wp\/v2\/comments?post=481682"}],"version-history":[{"count":0,"href":"https:\/\/staging.ivg.it\/ediapi\/wp\/v2\/posts\/481682\/revisions"}],"wp:attachment":[{"href":"https:\/\/staging.ivg.it\/ediapi\/wp\/v2\/media?parent=481682"}],"wp:term":[{"taxonomy":"category","embeddable":true,"href":"https:\/\/staging.ivg.it\/ediapi\/wp\/v2\/categories?post=481682"},{"taxonomy":"post_tag","embeddable":true,"href":"https:\/\/staging.ivg.it\/ediapi\/wp\/v2\/tags?post=481682"}],"curies":[{"name":"wp","href":"https:\/\/api.w.org\/{rel}","templated":true}]}}