{"id":481522,"date":"2019-11-10T15:30:02","date_gmt":"2019-11-10T14:30:02","guid":{"rendered":"http:\/\/www.ivg.it\/?p=481522"},"modified":"2019-11-10T15:30:02","modified_gmt":"2019-11-10T14:30:02","slug":"minori-al-via-la-campagna-di-regione-liguria-sui-diritti-del-fanciullo","status":"publish","type":"post","link":"https:\/\/staging.ivg.it\/2019\/11\/minori-al-via-la-campagna-di-regione-liguria-sui-diritti-del-fanciullo\/","title":{"rendered":"Minori, al via la campagna di Regione Liguria sui diritti del fanciullo"},"content":{"rendered":"<p><strong>Liguria.<\/strong> Al via domani, luned\u00ec 11 novembre, la campagna di sensibilizzazione di Regione Liguria #ibambinitiriguardano sui diritti dei minori, in vista dell&#8217;evento in programma il 20 novembre prossimo, in concomitanza con il 30\u00b0 anniversario della Convenzione Onu sui diritti dell&#8217;infanzia e dell&#8217;adolescenza, approvata dall&#8217;Assemblea Generale delle Nazioni Unite nel 1989 (poi ratificata dall&#8217;Italia il 27 maggio 1991 con la legge n. 176). <\/p>\n<p>Nelle principali citt\u00e0 della Liguria saranno affissi i manifesti della campagna, i cui protagonisti sono i bambini e le bambine che osservano gli adulti. Seguir\u00e0 nei prossimi giorni anche una campagna sui social network.<\/p>\n<p>&#8220;Il messaggio che vogliamo lanciare con questa iniziativa \u2013 spiega la vicepresidente e assessore alla Sanit\u00e0 e Politiche sociali Sonia Viale \u2013 \u00e8 che ci\u00f2 che accade ai bambini e il rispetto dei loro diritti riguardano tutti, non solo il ristretto nucleo familiare ma anche le persone che interagiscono con i pi\u00f9 piccoli. Noi adulti abbiamo la responsabilit\u00e0 di costruire una societ\u00e0 a misura di fanciullo, che sia in grado di garantire il rispetto dei diritti sanciti nella Convenzione Onu, declinati nella campagna come il diritto alla salute, alla famiglia, al gioco o allo studio, solo per citarne alcuni. I bambini ci guardano, nel senso che osservano ci\u00f2 che facciamo e i nostri comportamenti, e ci riguardano, nel senso che il loro futuro dipende da noi&#8221;.<\/p>\n<p>&#8220;Per questo \u2013 conclude Viale &#8211; stiamo lavorando ad una serie di eventi che culmineranno il 20 novembre con un&#8217;iniziativa nella Sala Trasparenza per spiegare cosa \u00e8 stato fatto in questa direzione, le attivit\u00e0 svolte sul nostro territorio, le competenze presenti: i temi della campagna sono fondamentali per una societ\u00e0 che guardi al futuro attraverso lo sviluppo e la crescita dei nostri bambini e ragazzi&#8221;.  <\/p>\n<p>Le iniziative per il trentennale della Convenzione Onu sui diritti dell&#8217;infanzia e dell&#8217;adolescenza sono realizzate da Regione Liguria in collaborazione con il Patto di sussidiariet\u00e0 regionale sui diritti e con il coordinamento Pidid\u00e0 Liguria.<\/p>\n","protected":false},"excerpt":{"rendered":"<p>In vista dell&#8217;evento in programma il 20 novembre per il 30\u00b0 anniversario della Convenzione Onu sui diritti dell&#8217;infanzia<\/p>\n","protected":false},"author":10593,"featured_media":0,"comment_status":"open","ping_status":"closed","sticky":false,"template":"","format":"standard","meta":{"footnotes":""},"categories":[56],"tags":[],"class_list":["post-481522","post","type-post","status-publish","format-standard","hentry","category-altre","post_tag_personaggi-sonia-viale"],"amp_validity":null,"amp_enabled":true,"_links":{"self":[{"href":"https:\/\/staging.ivg.it\/ediapi\/wp\/v2\/posts\/481522","targetHints":{"allow":["GET"]}}],"collection":[{"href":"https:\/\/staging.ivg.it\/ediapi\/wp\/v2\/posts"}],"about":[{"href":"https:\/\/staging.ivg.it\/ediapi\/wp\/v2\/types\/post"}],"author":[{"embeddable":true,"href":"https:\/\/staging.ivg.it\/ediapi\/wp\/v2\/users\/10593"}],"replies":[{"embeddable":true,"href":"https:\/\/staging.ivg.it\/ediapi\/wp\/v2\/comments?post=481522"}],"version-history":[{"count":0,"href":"https:\/\/staging.ivg.it\/ediapi\/wp\/v2\/posts\/481522\/revisions"}],"wp:attachment":[{"href":"https:\/\/staging.ivg.it\/ediapi\/wp\/v2\/media?parent=481522"}],"wp:term":[{"taxonomy":"category","embeddable":true,"href":"https:\/\/staging.ivg.it\/ediapi\/wp\/v2\/categories?post=481522"},{"taxonomy":"post_tag","embeddable":true,"href":"https:\/\/staging.ivg.it\/ediapi\/wp\/v2\/tags?post=481522"}],"curies":[{"name":"wp","href":"https:\/\/api.w.org\/{rel}","templated":true}]}}