{"id":48117,"date":"2009-01-27T10:50:29","date_gmt":"2009-01-27T09:50:29","guid":{"rendered":"http:\/\/www.ivg.it\/2009\/01\/27\/appello-dei-volontari-dei-canili-non-adottate-cani-per-poi-abbandonarli\/"},"modified":"2009-01-27T10:55:21","modified_gmt":"2009-01-27T09:55:21","slug":"appello-dei-volontari-dei-canili-non-adottate-cani-per-poi-abbandonarli","status":"publish","type":"post","link":"https:\/\/staging.ivg.it\/2009\/01\/appello-dei-volontari-dei-canili-non-adottate-cani-per-poi-abbandonarli\/","title":{"rendered":"Appello dei volontari dei canili: &#8220;Non adottate cani per poi abbandonarli&#8221;"},"content":{"rendered":"<p><strong>[thumb:8784:l]Savona. <\/strong>La sezioni di Savona e della Val Bormida della Lega nazionale per la difesa del cane lanciano un grido di allarme. &#8220;Esprimiamo seria preoccupazione per un dilagante fenomeno che negli ultimi tempi si sta verificando: quasi quotidianamente riceviamo richieste da persone proprietarie di cani che, con le pi\u00f9 svariate motivazioni, chiedono di poter lasciare il loro animale in canile&#8221; denuncia l&#8217;associazione, che poi spiega: &#8220;Il problema sta diventando molto serio, in quanto dimostra chiaramente quanta ignoranza ci sia nei confronti degli animali, anche da parte di chi \u00e8 convinto di amarli&#8221;.<\/p>\n<p>&#8220;I cani sono animali sociali, la famiglia in cui crescono \u00e8 il loro branco e il punto di riferimento. Ritrovarsi all&#8217;improvviso rinchiusi in un box, da soli, con pochi minuti al giorno per uscire, \u00e8 causa di forte stress e grande sofferenza che in alcuni casi sfocia addirittura in malattia&#8221; proseguono i volontari della Lega per la difesa del cane che, tra l&#8217;altro, sono impegnati anche presso i canili di Savona e Cairo.<\/p>\n<p>&#8220;Non \u00e8 possibile pensare di adottare un cane, tenerlo in famiglia per qualche anno e poi, alla prima difficolt\u00e0 di tipo famigliare, rinchiuderlo in un canile dove rester\u00e0, salvo pochi casi, per tutti gli anni che gli restano da vivere&#8221; proseguono poi i membri dell&#8217;associazione, che concludono lanciando l&#8217;appello: &#8220;Prima di adottare un cane pensateci bene: se non siete sicuri di poterlo tenere con voi per tutta la durata della sua vita, non prendetelo con voi: sar\u00e0 un bene per tutti&#8221;.<\/p>\n","protected":false},"excerpt":{"rendered":"<p>[thumb:8784:l]Savona. La sezioni di Savona e della Val Bormida della Lega nazionale per la difesa del cane lanciano un grido di allarme. &#8220;Esprimiamo seria preoccupazione per un dilagante fenomeno che negli ultimi tempi si sta verificando: quasi quotidianamente riceviamo richieste da persone proprietarie di cani che, con le pi\u00f9 svariate motivazioni, chiedono di poter lasciare [&hellip;]<\/p>\n","protected":false},"author":1385,"featured_media":0,"comment_status":"open","ping_status":"closed","sticky":false,"template":"","format":"standard","meta":{"footnotes":""},"categories":[],"tags":[6126,85987,1180,85850],"class_list":["post-48117","post","type-post","status-publish","format-standard","hentry","tag-appello","tag-cairo-montenotte","tag-cani","tag-savona","post_cat_citta-cairo-montenotte","post_cat_citta-savona"],"amp_validity":null,"amp_enabled":true,"_links":{"self":[{"href":"https:\/\/staging.ivg.it\/ediapi\/wp\/v2\/posts\/48117","targetHints":{"allow":["GET"]}}],"collection":[{"href":"https:\/\/staging.ivg.it\/ediapi\/wp\/v2\/posts"}],"about":[{"href":"https:\/\/staging.ivg.it\/ediapi\/wp\/v2\/types\/post"}],"author":[{"embeddable":true,"href":"https:\/\/staging.ivg.it\/ediapi\/wp\/v2\/users\/1385"}],"replies":[{"embeddable":true,"href":"https:\/\/staging.ivg.it\/ediapi\/wp\/v2\/comments?post=48117"}],"version-history":[{"count":0,"href":"https:\/\/staging.ivg.it\/ediapi\/wp\/v2\/posts\/48117\/revisions"}],"wp:attachment":[{"href":"https:\/\/staging.ivg.it\/ediapi\/wp\/v2\/media?parent=48117"}],"wp:term":[{"taxonomy":"category","embeddable":true,"href":"https:\/\/staging.ivg.it\/ediapi\/wp\/v2\/categories?post=48117"},{"taxonomy":"post_tag","embeddable":true,"href":"https:\/\/staging.ivg.it\/ediapi\/wp\/v2\/tags?post=48117"}],"curies":[{"name":"wp","href":"https:\/\/api.w.org\/{rel}","templated":true}]}}