{"id":48114,"date":"2009-01-27T10:02:20","date_gmt":"2009-01-27T09:02:20","guid":{"rendered":"http:\/\/www.ivg.it\/2009\/01\/27\/savona-convegno-de-il-faggio-dedicato-al-caregiver-del-disabile\/"},"modified":"2009-01-27T10:02:20","modified_gmt":"2009-01-27T09:02:20","slug":"savona-convegno-de-il-faggio-dedicato-al-caregiver-del-disabile","status":"publish","type":"post","link":"https:\/\/staging.ivg.it\/2009\/01\/savona-convegno-de-il-faggio-dedicato-al-caregiver-del-disabile\/","title":{"rendered":"Savona, convegno de &#8220;Il Faggio&#8221; dedicato al caregiver del disabile"},"content":{"rendered":"<p><strong>[thumb:986:l]Savona. <\/strong>La cooperativa sociale &#8220;Il Faggio&#8221;, in collaborazione con Isforcoop e l&#8217;Asl 2 savonese, organizzer\u00e0 il convegno &#8220;Quotidianit\u00e0, affettivit\u00e0 e solitudine nel caregiver della persona disabile&#8221;, in programma per venerd\u00ec 30 gennaio, presso il cinema Diana di Savona, a partire dalle 8.<\/p>\n<p>Dopo la registrazione dei partecipanti ed il saluto della autorit\u00e0, verr\u00e0 presentato il ciclo formativo, a cura di Sabrina Pastorino, responsabile dell&#8217;area handicap de &#8220;Il Faggio&#8221;, e proiettato il film &#8220;Linfa di vita&#8221;. Alle 9,30 prender\u00e0 il via la lezione magistrale di Antonio Maria Ferro, direttore del dipartimento di salute mentale dell&#8217;Asl 2. A seguire gli interventi di Gianluca Lisa (direttore unit\u00e0 operativa disabili Asl 1), Marcella Maccagno (direttore dipartimento salute mentale Asl 1), Ciro Pisaturo (direttore medico delle strutture de &#8220;Il Faggio&#8221;) e Aldo Moretti (presidente Corerh), coordinati da Paola Pregliasco, direttore del dipartimento materno-infantile dell&#8217;Asl 2.<\/p>\n<p>Dopo il coffee break, alle 11,30, l&#8217;appuntamento entrer\u00e0 nel vivo con la lezione magistrale di Alessandro Meluzzi, medico specialista in psichiatria, psicologo e docente universitario, oltre che editorialista ed autore di programmi televisivi. Dalle 12,30, poi, prenderanno la parola Maria Giuseppina Piras, presidente Anffas Savona, ed i rappresentanti delle associazioni dei caregiver. Conclusioni a cura di Maurizio Modenesi, direttore dipartimento cure primarie ed attivit\u00e0 distrettuali dell&#8217;Asl savonese, e di Massimiliano Costa, vicepresidente della Regione Liguria.<\/p>\n<p>Alle 14, terminata la pausa pranzo, si riprender\u00e0 con lavori di gruppo presso il seminario vescovile sul tema &#8220;Gli interventi possibili: la riabilitazione psicosociale&#8221; e dedicati a &#8220;L&#8217;attivit\u00e0 sportiva&#8221; (Gianfranco Pusceddu, Ciro Pisaturo), &#8220;Lavorare rende liberi? Il lavoro tra tecnica riabilitativa e diritto di cittadinanza&#8221; (Massimo Cirri, Marcello Macario) e &#8220;Artiterapie e psicodramma&#8221; (Rosita Bormida, Laura Cucurullo).<\/p>\n<p>La giornata verr\u00e0 chiusa da un&#8217;iniziativa di Legacoop, presso il cinema Diana, dedicata a &#8220;La cooperazione sociale di inserimento lavorativo&#8221;, che si svolger\u00e0 a partire delle 18.<\/p>\n","protected":false},"excerpt":{"rendered":"<p>[thumb:986:l]Savona. La cooperativa sociale &#8220;Il Faggio&#8221;, in collaborazione con Isforcoop e l&#8217;Asl 2 savonese, organizzer\u00e0 il convegno &#8220;Quotidianit\u00e0, affettivit\u00e0 e solitudine nel caregiver della persona disabile&#8221;, in programma per venerd\u00ec 30 gennaio, presso il cinema Diana di Savona, a partire dalle 8. Dopo la registrazione dei partecipanti ed il saluto della autorit\u00e0, verr\u00e0 presentato il [&hellip;]<\/p>\n","protected":false},"author":1385,"featured_media":0,"comment_status":"open","ping_status":"closed","sticky":false,"template":"","format":"standard","meta":{"footnotes":""},"categories":[],"tags":[292,732,6119,85850],"class_list":["post-48114","post","type-post","status-publish","format-standard","hentry","tag-asl-2","tag-disabili","tag-isforcoop","tag-savona","post_cat_citta-savona"],"amp_validity":null,"amp_enabled":true,"_links":{"self":[{"href":"https:\/\/staging.ivg.it\/ediapi\/wp\/v2\/posts\/48114","targetHints":{"allow":["GET"]}}],"collection":[{"href":"https:\/\/staging.ivg.it\/ediapi\/wp\/v2\/posts"}],"about":[{"href":"https:\/\/staging.ivg.it\/ediapi\/wp\/v2\/types\/post"}],"author":[{"embeddable":true,"href":"https:\/\/staging.ivg.it\/ediapi\/wp\/v2\/users\/1385"}],"replies":[{"embeddable":true,"href":"https:\/\/staging.ivg.it\/ediapi\/wp\/v2\/comments?post=48114"}],"version-history":[{"count":0,"href":"https:\/\/staging.ivg.it\/ediapi\/wp\/v2\/posts\/48114\/revisions"}],"wp:attachment":[{"href":"https:\/\/staging.ivg.it\/ediapi\/wp\/v2\/media?parent=48114"}],"wp:term":[{"taxonomy":"category","embeddable":true,"href":"https:\/\/staging.ivg.it\/ediapi\/wp\/v2\/categories?post=48114"},{"taxonomy":"post_tag","embeddable":true,"href":"https:\/\/staging.ivg.it\/ediapi\/wp\/v2\/tags?post=48114"}],"curies":[{"name":"wp","href":"https:\/\/api.w.org\/{rel}","templated":true}]}}