{"id":480989,"date":"2019-11-04T09:28:52","date_gmt":"2019-11-04T08:28:52","guid":{"rendered":"http:\/\/www.ivg.it\/?p=480989"},"modified":"2019-11-04T09:28:52","modified_gmt":"2019-11-04T08:28:52","slug":"albenga-i-verdi-lo-sviluppo-sostenibile-delle-attivita-agricole-e-un-fatto-culturale","status":"publish","type":"post","link":"https:\/\/staging.ivg.it\/2019\/11\/albenga-i-verdi-lo-sviluppo-sostenibile-delle-attivita-agricole-e-un-fatto-culturale\/","title":{"rendered":"Albenga, i Verdi: &#8220;Lo sviluppo sostenibile delle attivit\u00e0 agricole \u00e8 un fatto culturale&#8221;"},"content":{"rendered":"<p><strong>Albenga. &#8220;<\/strong>Lo sviluppo sostenibile delle attivit\u00e0 agricole nel ponente savonese passa anche attraverso la valorizzazione dei prodotti di pregio ed il recupero delle aree abbandonate, i cosiddetti terreni marginali&#8221;. A comunicarlo, in una nota, sono i Verdi savonesi, che attraverso le parole del portavoce savonese Gabriello Castellazzi tracciano un&#8217;analisi sugli approcci ecosostenibili legati al mondo dell&#8217;agricoltura.<\/p>\n<p>Spiegano i Verdi: &#8220;Nell&#8217;area albenganese l&#8217;olio, il vino, gli ortaggi (carciofo, asparago violetto, ecc.), le piante officinali e i fiori sono colture che hanno una vocazione naturale per entrare in sinergia con l&#8217;economia turistica e creare lavoro stabile a beneficio di entrambi i settori.\u00a0Ma l&#8217;evoluzione equilibrata e sana dell&#8217;agricoltura, unitamente a quel risanamento ambientale che impedisce il dissesto idrogeologico, passa obbligatoriamente attraverso un processo di conoscenza, quindi un fatto culturale.\u00a0Per questo \u00e8 importante associare l&#8217;agricoltura all&#8217;agri-cultura, riconoscendo il valore di tante nuove iniziative che si stanno affermando in Liguria come in altre regioni, dal Piemonte alle Puglie&#8221;.<\/p>\n<p>&#8220;Nell&#8217;albenganese, dopo dieci anni di attivit\u00e0, si \u00e8 consolidato il festival \u201cTerreni Creativi\u201d, grazie alla collaborazione tra<span class=\"Apple-converted-space\">\u00a0 <\/span>importanti aziende agricole della piana e la Compagnia \u201cKronoteatro\u201d &#8211; spiega Castellazzi &#8211; un modo intelligente per coniugare temi vitali a<span class=\"Apple-converted-space\">\u00a0 <\/span>cavallo tra economia ed ecologia. Spettacoli sull&#8217;ambiente che auspichiamo possano continuare nelle prossime stagioni per sensibilizzare i cittadini e ottenere ricadute economiche concrete. Dopo oltre cento anni un messaggio ancora attualissimo, che attraverso il teatro mette insieme natura e cultura, lo ritroviamo in \u201cZio Vanja\u201d di Anton Cechov : &#8216;Quando cammino nelle foreste che io ho salvato dalla distruzione, o quando sento stormire il giovane bosco che ho piantato, sento che il clima \u00e8 un po&#8217; anche nelle mie mani, che se tra mille anni l&#8217;uomo sar\u00e0 felice, lo dovr\u00e0 un po&#8217; anche a me&#8217;.\u00a0Oggi, dopo pi\u00f9 di un secolo, non potrebbe essere questo un messaggio dei &#8216;ragazzi di Greta&#8217;?&#8221;.<\/p>\n<p>Continua Castellazzi: &#8220;E&#8217; inoltre un fatto culturale riconoscere le grandi possibilit\u00e0 di sviluppo delle coltivazioni biologiche (grande opportunit\u00e0 per l&#8217;agricoltura ingauna) per un sano consumo di prodotti a km. zero. Per questo alcuni importanti produttori del biologico partecipano al progetto. Non tutti sanno che la frutta di importazione, principalmente quella trasportata in containers, viene trattata con prodotti antimuffa quali l&#8217; \u201cimazalil\u201d: \u201cCancerogeno probabile\u201d secondo l&#8217;Environmental Protection Agency.<span class=\"Apple-converted-space\">\u00a0<\/span>Per questo sui contenitori \u00e8 scritto \u201cbuccia non edibile\u201d. Bisogna quindi leggere con molta attenzione le etichette che indicano la provenienza dell&#8217;ortofrutta.\u00a0Dobbiamo registrare che le statistiche dicano come una parte della popolazione non conosca il significato del termine &#8216;edibile'&#8221;.<\/p>\n<p>Concludono i Verdi savonesi: &#8220;E&#8217; da rilevare infine che l&#8217;utilizzo sostenibile del territorio ligure non passa solamente attraverso l&#8217;agricoltura biologica. E&#8217; necessario azzerare quel pericoloso consumo di suolo che danneggia l&#8217;ambiente. Bisogna promuovere in alternativa il recupero degli edifici esistenti (strutture antisismiche, risparmio energetico,ecc.), rilanciando l&#8217;attivit\u00e0 edilizia e fermando il dissesto idrogeologico in questo periodo drammatico di cambiamenti climatici.\u00a0Ma tutto potr\u00e0 avvenire solamente attraverso un processo culturale che diventi consapevolezza e sentire comune&#8221;.<\/p>\n","protected":false},"excerpt":{"rendered":"<p>\u00c8 l&#8217;analisi di Gabriello Castellazzi, portavoce dei Verdi della provincia di Savona <\/p>\n","protected":false},"author":17962,"featured_media":0,"comment_status":"open","ping_status":"closed","sticky":false,"template":"","format":"standard","meta":{"footnotes":""},"categories":[45296,56,31],"tags":[560,499],"class_list":["post-480989","post","type-post","status-publish","format-standard","hentry","category-copertina","category-altre","category-politica","tag-agricoltura","tag-verdi","post_cat_citta-albenga"],"amp_validity":null,"amp_enabled":true,"_links":{"self":[{"href":"https:\/\/staging.ivg.it\/ediapi\/wp\/v2\/posts\/480989","targetHints":{"allow":["GET"]}}],"collection":[{"href":"https:\/\/staging.ivg.it\/ediapi\/wp\/v2\/posts"}],"about":[{"href":"https:\/\/staging.ivg.it\/ediapi\/wp\/v2\/types\/post"}],"author":[{"embeddable":true,"href":"https:\/\/staging.ivg.it\/ediapi\/wp\/v2\/users\/17962"}],"replies":[{"embeddable":true,"href":"https:\/\/staging.ivg.it\/ediapi\/wp\/v2\/comments?post=480989"}],"version-history":[{"count":0,"href":"https:\/\/staging.ivg.it\/ediapi\/wp\/v2\/posts\/480989\/revisions"}],"wp:attachment":[{"href":"https:\/\/staging.ivg.it\/ediapi\/wp\/v2\/media?parent=480989"}],"wp:term":[{"taxonomy":"category","embeddable":true,"href":"https:\/\/staging.ivg.it\/ediapi\/wp\/v2\/categories?post=480989"},{"taxonomy":"post_tag","embeddable":true,"href":"https:\/\/staging.ivg.it\/ediapi\/wp\/v2\/tags?post=480989"}],"curies":[{"name":"wp","href":"https:\/\/api.w.org\/{rel}","templated":true}]}}