{"id":480903,"date":"2019-11-02T15:27:43","date_gmt":"2019-11-02T14:27:43","guid":{"rendered":"http:\/\/www.ivg.it\/?p=480903"},"modified":"2019-11-02T15:27:43","modified_gmt":"2019-11-02T14:27:43","slug":"savona-arecco-parcheggio-di-villa-pizzardi-aperto-a-residenti-fino-a-maggio-2020","status":"publish","type":"post","link":"https:\/\/staging.ivg.it\/2019\/11\/savona-arecco-parcheggio-di-villa-pizzardi-aperto-a-residenti-fino-a-maggio-2020\/","title":{"rendered":"Savona, Arecco: \u201cParcheggio di Villa Pizzardi aperto a residenti fino a maggio 2020\u201d"},"content":{"rendered":"<p><b>Savona<\/b>. Rester\u00e0 fino a maggio 2020 a disposizione dei residenti di via Nizza il parcheggio di Villa Pizzardi, di propriet\u00e0 delle Opere Sociali e concesso al Comune in comodato d&#8217;uso gratuito, proprio per consentire il parcheggio ai cittadini ivi residenti.<\/p>\n<p>A comunicarlo \u00e8 lo stesso vicesindaco Massimo Arecco: &#8220;Come Assessore alla Viabilit\u00e0 esprimo una grande soddisfazione\u201d.<\/p>\n<p>\u201cRingrazio le Opere Sociali che hanno dimostrato sensibilit\u00e0 alle criticit\u00e0 della zona. In questo modo daremo un po&#8217; di ossigeno ai cittadini notoriamente in difficolt\u00e0 nel trovare un posto auto\u201d, ha concluso il vicesindaco.<\/p>\n","protected":false},"excerpt":{"rendered":"<p>&#8220;Come Assessore alla Viabilit\u00e0 esprimo una grande soddisfazione\u201d<\/p>\n","protected":false},"author":18599,"featured_media":0,"comment_status":"open","ping_status":"closed","sticky":false,"template":"","format":"standard","meta":{"footnotes":""},"categories":[56],"tags":[11309,2909,110495],"class_list":["post-480903","post","type-post","status-publish","format-standard","hentry","category-altre","tag-comune-di-savona","tag-parcheggio","tag-via-nizza-savona","post_cat_citta-savona","post_tag_personaggi-massimo-arecco"],"amp_validity":null,"amp_enabled":true,"_links":{"self":[{"href":"https:\/\/staging.ivg.it\/ediapi\/wp\/v2\/posts\/480903","targetHints":{"allow":["GET"]}}],"collection":[{"href":"https:\/\/staging.ivg.it\/ediapi\/wp\/v2\/posts"}],"about":[{"href":"https:\/\/staging.ivg.it\/ediapi\/wp\/v2\/types\/post"}],"author":[{"embeddable":true,"href":"https:\/\/staging.ivg.it\/ediapi\/wp\/v2\/users\/18599"}],"replies":[{"embeddable":true,"href":"https:\/\/staging.ivg.it\/ediapi\/wp\/v2\/comments?post=480903"}],"version-history":[{"count":0,"href":"https:\/\/staging.ivg.it\/ediapi\/wp\/v2\/posts\/480903\/revisions"}],"wp:attachment":[{"href":"https:\/\/staging.ivg.it\/ediapi\/wp\/v2\/media?parent=480903"}],"wp:term":[{"taxonomy":"category","embeddable":true,"href":"https:\/\/staging.ivg.it\/ediapi\/wp\/v2\/categories?post=480903"},{"taxonomy":"post_tag","embeddable":true,"href":"https:\/\/staging.ivg.it\/ediapi\/wp\/v2\/tags?post=480903"}],"curies":[{"name":"wp","href":"https:\/\/api.w.org\/{rel}","templated":true}]}}