{"id":480775,"date":"2019-10-31T14:55:44","date_gmt":"2019-10-31T13:55:44","guid":{"rendered":"http:\/\/www.ivg.it\/?p=480775"},"modified":"2019-10-31T15:25:17","modified_gmt":"2019-10-31T14:25:17","slug":"strada-per-verzi-di-loano-danneggiata-dal-maltempo-ultimati-i-lavori-di-ripristino","status":"publish","type":"post","link":"https:\/\/staging.ivg.it\/2019\/10\/strada-per-verzi-di-loano-danneggiata-dal-maltempo-ultimati-i-lavori-di-ripristino\/","title":{"rendered":"Strada per Verzi di Loano danneggiata dal maltempo: ultimati i lavori di ripristino"},"content":{"rendered":"<p><strong>Loano.<\/strong> Si sono conclusi ieri i lavori per la sistemazione della strada che conduce alla frazione loanese di Verzi.<span class=\"Apple-converted-space\">\u00a0<\/span><\/p>\n<p>Il manto stradale era rimasto danneggiato durante l&#8217;ondata di maltempo dello scorso 19 ottobre e ci\u00f2 aveva costretto l&#8217;amministrazione comunale del sindaco Luigi Pignocca, in accordo con il comando di polizia locale, ad istituire il senso unico alternato regolato da un semafoto.<span class=\"Apple-converted-space\">\u00a0<\/span><\/p>\n<p>Una volta effettuati gli accertamenti tecnici volti a verificare le condizioni della rete di sottoservizi, l&#8217;ufficio tecnico del Comune ha predisposto i lavori di ripristino della carreggiata.<span class=\"Apple-converted-space\">\u00a0<\/span><\/p>\n<p>Ultimati gli interventi, la strada \u00e8 stata riaperta e la viabilit\u00e0 \u00e8 tornata regolare.<span class=\"Apple-converted-space\">\u00a0<\/span><\/p>\n","protected":false},"excerpt":{"rendered":"<p>La viabilit\u00e0 lungo la tratta interessata dai lavori \u00e8 stata riaperta regolarmente <\/p>\n","protected":false},"author":17962,"featured_media":0,"comment_status":"open","ping_status":"closed","sticky":false,"template":"","format":"standard","meta":{"footnotes":""},"categories":[45296,34,31],"tags":[854],"class_list":["post-480775","post","type-post","status-publish","format-standard","hentry","category-copertina","category-cronaca","category-politica","tag-lavori","post_cat_citta-loano"],"amp_validity":null,"amp_enabled":true,"_links":{"self":[{"href":"https:\/\/staging.ivg.it\/ediapi\/wp\/v2\/posts\/480775","targetHints":{"allow":["GET"]}}],"collection":[{"href":"https:\/\/staging.ivg.it\/ediapi\/wp\/v2\/posts"}],"about":[{"href":"https:\/\/staging.ivg.it\/ediapi\/wp\/v2\/types\/post"}],"author":[{"embeddable":true,"href":"https:\/\/staging.ivg.it\/ediapi\/wp\/v2\/users\/17962"}],"replies":[{"embeddable":true,"href":"https:\/\/staging.ivg.it\/ediapi\/wp\/v2\/comments?post=480775"}],"version-history":[{"count":0,"href":"https:\/\/staging.ivg.it\/ediapi\/wp\/v2\/posts\/480775\/revisions"}],"wp:attachment":[{"href":"https:\/\/staging.ivg.it\/ediapi\/wp\/v2\/media?parent=480775"}],"wp:term":[{"taxonomy":"category","embeddable":true,"href":"https:\/\/staging.ivg.it\/ediapi\/wp\/v2\/categories?post=480775"},{"taxonomy":"post_tag","embeddable":true,"href":"https:\/\/staging.ivg.it\/ediapi\/wp\/v2\/tags?post=480775"}],"curies":[{"name":"wp","href":"https:\/\/api.w.org\/{rel}","templated":true}]}}