{"id":480773,"date":"2019-10-31T14:50:32","date_gmt":"2019-10-31T13:50:32","guid":{"rendered":"http:\/\/www.ivg.it\/?p=480773"},"modified":"2019-10-31T14:50:32","modified_gmt":"2019-10-31T13:50:32","slug":"sanita-pastorino-linea-condivisa-sulle-liste-di-attesa-progressivo-peggioramento-viale-chiede-aiuto-al-ministro-solo-ora","status":"publish","type":"post","link":"https:\/\/staging.ivg.it\/2019\/10\/sanita-pastorino-linea-condivisa-sulle-liste-di-attesa-progressivo-peggioramento-viale-chiede-aiuto-al-ministro-solo-ora\/","title":{"rendered":"Sanit\u00e0, Pastorino (Linea Condivisa): &#8220;Sulle liste di attesa progressivo peggioramento. Viale chiede aiuto al ministro solo ora?&#8221;"},"content":{"rendered":"<p><strong>Provincia. <\/strong>&#8220;Amara conclusione: per la sanit\u00e0 ligure ci vuole&#8230;speranza. Sconcerta che solo oggi l&#8217;assessore Viale chieda risorse al Ministro della Sanit\u00e0. Perch\u00e9 non ha posto la stessa richiesta al precedente governo, in cui la Lega era azionista di maggioranza? Il problema c&#8217;era allora e c&#8217;\u00e8 adesso. Quelle di oggi sono solo lacrime di coccodrillo&#8221;.<\/p>\n<p>Lo afferma il capogruppo di Linea Condivisa Gianni Pastorino commentando il nuovo report sulle liste d&#8217;attesa nella sanit\u00e0 ligure, pubblicato quest&#8217;oggi dagli organi di stampa. L&#8217;indagine certifica che il problema sia tutt&#8217;altro che ridimensionato. Anzi, la tendenza segna un progressivo peggioramento. &#8220;Numeri che purtroppo conosciamo e segnaliamo da tempo. Eppure a inizio mandato l&#8217;assessore Viale dichiarava che avrebbe dimezzato le liste d&#8217;attesa; evidentemente questi risultati dovrebbero suggerirle immediate dimissioni \u2013 prosegue Pastorino &#8211; \u00e8\u00a0perlomeno da due anni che, come gruppo consiliare, denunciamo pubblicamente il collasso della sanit\u00e0 ligure: mancanza di personale medico, infermieristico e di altra tipologia, obsolescenza delle apparecchiature diagnostiche, farraginosit\u00e0 di una governance che non ha eguali in Italia, producono lo sconquasso che \u00e8 sotto gli occhi di tutti&#8221;.<\/p>\n<p>&#8220;Bisognerebbe andare a rivedere cosa dicevano Toti e Viale a inizio legislatura. Andare a rileggere gli impegni presi nel loro &#8216;libro bianco&#8217;, scritto probabilmente con l&#8217;inchiostro simpatico, che dopo un po&#8217; svanisce. Facciamolo e troveremo quantomeno tragicomico il richiamo che Viale fa ai suoi manager, quando la prima responsabile di questa situazione \u00e8 proprio l&#8217;assessore \u2013 sottolinea Pastorino &#8211; assessore che per\u00f2 non si perde neppure un&#8217;inaugurazione, neppure della pi\u00f9 piccola novit\u00e0 introdotta nel sistema sanitario ligure. Servirebbero meno presenzialismo e pi\u00f9 soluzioni concrete, che per\u00f2 neppure il &#8220;super commissario&#8221; di A.li.sa. Locatelli riesce a trovare. La verit\u00e0 \u00e8 che qui da noi ci sono medici eccellenti, personale infermieristico di primo livello e anche qualche dirigente lungimirante. Ma mancano la direzione e la capacit\u00e0 programmatoria, che stanno in capo a chi governa la Regione&#8221;.<\/p>\n<p>&#8220;Ultima riflessione: con le sue scelte sconsiderate, l&#8217;assessore Viale sta regalando la sanit\u00e0 ligure ai privati. I quali, a fronte di un collasso simile, non possono che fregarsi le mani perch\u00e9 diventeranno presto gli unici interlocutori possibili \u2013 conclude Pastorino &#8211; ribadiamo: bisogna invertire velocemente la rotta e difendere strenuamente la sanit\u00e0 pubblica. Nel frattempo per\u00f2 i liguri continuano a pagare le tasse. E continuano ad attendere, grazie alla &#8220;ricetta Viale&#8221;, 19 mesi per un ecocardiorgramma o 564 giorni per una TAC addominale&#8221;. conclude Pastorino.<\/p>\n","protected":false},"excerpt":{"rendered":"<p>Il consigliere regionale di opposizione reputa tardiva la richiesta di aiuto al ministro da parte dell&#8217;assessore alla sanit\u00e0 <\/p>\n","protected":false},"author":17962,"featured_media":0,"comment_status":"open","ping_status":"closed","sticky":false,"template":"","format":"standard","meta":{"footnotes":""},"categories":[45296,2,31],"tags":[1752,106918,111],"class_list":["post-480773","post","type-post","status-publish","format-standard","hentry","category-copertina","category-argomento","category-politica","tag-consiglio-regionale","tag-linea-condivisa","tag-sanita","post_cat_citta-provincia","post_tag_personaggi-gianni-pastorino","post_tag_personaggi-sonia-viale"],"amp_validity":null,"amp_enabled":true,"_links":{"self":[{"href":"https:\/\/staging.ivg.it\/ediapi\/wp\/v2\/posts\/480773","targetHints":{"allow":["GET"]}}],"collection":[{"href":"https:\/\/staging.ivg.it\/ediapi\/wp\/v2\/posts"}],"about":[{"href":"https:\/\/staging.ivg.it\/ediapi\/wp\/v2\/types\/post"}],"author":[{"embeddable":true,"href":"https:\/\/staging.ivg.it\/ediapi\/wp\/v2\/users\/17962"}],"replies":[{"embeddable":true,"href":"https:\/\/staging.ivg.it\/ediapi\/wp\/v2\/comments?post=480773"}],"version-history":[{"count":0,"href":"https:\/\/staging.ivg.it\/ediapi\/wp\/v2\/posts\/480773\/revisions"}],"wp:attachment":[{"href":"https:\/\/staging.ivg.it\/ediapi\/wp\/v2\/media?parent=480773"}],"wp:term":[{"taxonomy":"category","embeddable":true,"href":"https:\/\/staging.ivg.it\/ediapi\/wp\/v2\/categories?post=480773"},{"taxonomy":"post_tag","embeddable":true,"href":"https:\/\/staging.ivg.it\/ediapi\/wp\/v2\/tags?post=480773"}],"curies":[{"name":"wp","href":"https:\/\/api.w.org\/{rel}","templated":true}]}}