{"id":48071,"date":"2009-01-26T17:39:14","date_gmt":"2009-01-26T16:39:14","guid":{"rendered":"http:\/\/www.ivg.it\/2009\/01\/26\/cantieri-rodriquez-i-sindacati-chiedono-di-accelerare-i-tempi\/"},"modified":"2009-01-27T13:11:28","modified_gmt":"2009-01-27T12:11:28","slug":"cantieri-rodriquez-i-sindacati-chiedono-di-accelerare-i-tempi","status":"publish","type":"post","link":"https:\/\/staging.ivg.it\/2009\/01\/cantieri-rodriquez-i-sindacati-chiedono-di-accelerare-i-tempi\/","title":{"rendered":"Cantieri Rodriquez: i sindacati chiedono di accelerare i tempi"},"content":{"rendered":"<p><strong>[thumb:9709:l]Pietra Ligure.&#8221;<\/strong>Chiediamo alla Regione di accelerare i tempi per arrivare al pi\u00f9 presto a convocare una Conferenza dei servizi deliberante. Al momento, infatti, non \u00e8 stata fornita alcuna certezza sulla tempistica dell&#8217;operazione e come sindacato siamo molto preoccupati&#8221;. A dirlo \u00e8 il segretario provinciale della Fiom Cgil Alberto Lazzari, commentando la discussione in consiglio regionale sul progetto di riqualificazione dei cantieri navali Rodriquez di Pietra Ligure e la nascita del nuovo polo cantieristico.<\/p>\n<p>&#8220;Abbiamo avuto un incontro la settimana scorsa, sembra che il problema urbanistico sia rappresentato dalla nuova darsena; ci auguriamo quindi una soluzione e uno sblocco dell&#8217;iter. Non dimentichiamo &#8211; ha concluso Lazzari &#8211; che il provvedimento di cassa integrazione \u00e8 previsto fino alla fine dell&#8217;anno: \u00e8 necessario fornire garanzie ai lavoratori. Con la propriet\u00e0 abbiamo condiviso un piano industriale importante, con l&#8217;impiego di 27 unit\u00e0 lavorative attualmente cassa integrate. L&#8217;obiettivo \u00e8 arrivare a breve alla conferenza dei servizi che dia il via libera all&#8217;inizio dei lavori&#8221;.<\/p>\n","protected":false},"excerpt":{"rendered":"<p>[thumb:9709:l]Pietra Ligure.&#8221;Chiediamo alla Regione di accelerare i tempi per arrivare al pi\u00f9 presto a convocare una Conferenza dei servizi deliberante. Al momento, infatti, non \u00e8 stata fornita alcuna certezza sulla tempistica dell&#8217;operazione e come sindacato siamo molto preoccupati&#8221;. A dirlo \u00e8 il segretario provinciale della Fiom Cgil Alberto Lazzari, commentando la discussione in consiglio regionale [&hellip;]<\/p>\n","protected":false},"author":4,"featured_media":0,"comment_status":"open","ping_status":"closed","sticky":false,"template":"","format":"standard","meta":{"footnotes":""},"categories":[35],"tags":[3712,507,1384,85830,840,410],"class_list":["post-48071","post","type-post","status-publish","format-standard","hentry","category-economia","tag-cantieri-rodriquez","tag-cgil","tag-darsena","tag-pietra-ligure","tag-rodriquez","tag-sindacati","post_cat_citta-andora","post_cat_citta-pietra-ligure"],"amp_validity":null,"amp_enabled":true,"_links":{"self":[{"href":"https:\/\/staging.ivg.it\/ediapi\/wp\/v2\/posts\/48071","targetHints":{"allow":["GET"]}}],"collection":[{"href":"https:\/\/staging.ivg.it\/ediapi\/wp\/v2\/posts"}],"about":[{"href":"https:\/\/staging.ivg.it\/ediapi\/wp\/v2\/types\/post"}],"author":[{"embeddable":true,"href":"https:\/\/staging.ivg.it\/ediapi\/wp\/v2\/users\/4"}],"replies":[{"embeddable":true,"href":"https:\/\/staging.ivg.it\/ediapi\/wp\/v2\/comments?post=48071"}],"version-history":[{"count":0,"href":"https:\/\/staging.ivg.it\/ediapi\/wp\/v2\/posts\/48071\/revisions"}],"wp:attachment":[{"href":"https:\/\/staging.ivg.it\/ediapi\/wp\/v2\/media?parent=48071"}],"wp:term":[{"taxonomy":"category","embeddable":true,"href":"https:\/\/staging.ivg.it\/ediapi\/wp\/v2\/categories?post=48071"},{"taxonomy":"post_tag","embeddable":true,"href":"https:\/\/staging.ivg.it\/ediapi\/wp\/v2\/tags?post=48071"}],"curies":[{"name":"wp","href":"https:\/\/api.w.org\/{rel}","templated":true}]}}