{"id":48066,"date":"2009-01-26T17:28:06","date_gmt":"2009-01-26T16:28:06","guid":{"rendered":"http:\/\/www.ivg.it\/2009\/01\/26\/liguria-nuove-pale-per-lenergia-eolica-il-no-di-italia-nostra\/"},"modified":"2009-01-26T17:30:59","modified_gmt":"2009-01-26T16:30:59","slug":"liguria-nuove-pale-per-lenergia-eolica-il-no-di-italia-nostra","status":"publish","type":"post","link":"https:\/\/staging.ivg.it\/2009\/01\/liguria-nuove-pale-per-lenergia-eolica-il-no-di-italia-nostra\/","title":{"rendered":"Liguria, nuove pale per l&#8217;energia eolica: il no di Italia Nostra"},"content":{"rendered":"<p><strong>[thumb:6447:l]Liguria. <\/strong>Il nuovo piano energetico regionale per l&#8217;energia eolica, che sar\u00e0 discusso dall&#8217;assemblea ligure nella seduta di mercoled\u00ec 28 gennaio, scatena le ire di Italia Nostra: &#8220;Il provvedimento porter\u00e0 la potenza da 8 megawatt a oltre 120, con un incremento di ben 15 volte quella prevista nel vecchio piano, e tutti i siti scelti sono su crinali, senza nessun rispetto verso il paesaggio dell&#8217;entroterra ligure e del piano paesaggistico vigente&#8221;.<\/p>\n<p>Secondo quanto reso noto dall&#8217;associazione dedita alla tutela paesaggistica, un appello inviato a tutti i consiglieri regionali per modificare il documento o bocciarlo, sarebbe praticamente caduto nel vuoto, avendo risposto positivamente soltanto Francesco Bruzzone, della Lega Nord.<\/p>\n<p>&#8220;Dove finiranno le programmate 140 nuove pale eoliche di cui a fine gennaio si discuter\u00e0 in consiglio regionale?&#8221; si chiede polemicamente Italia Nostra, che poi conclude: &#8220;Ad oggi la pianificazione di queste installazioni non sembra rispondere a criteri di basso impatto paesistico e di produttivit\u00e0, ma pare punti semplicemente ad assemblare le semplici richieste sinora pervenute dalle aziende interessate&#8221;.<\/p>\n","protected":false},"excerpt":{"rendered":"<p>[thumb:6447:l]Liguria. Il nuovo piano energetico regionale per l&#8217;energia eolica, che sar\u00e0 discusso dall&#8217;assemblea ligure nella seduta di mercoled\u00ec 28 gennaio, scatena le ire di Italia Nostra: &#8220;Il provvedimento porter\u00e0 la potenza da 8 megawatt a oltre 120, con un incremento di ben 15 volte quella prevista nel vecchio piano, e tutti i siti scelti sono [&hellip;]<\/p>\n","protected":false},"author":1385,"featured_media":0,"comment_status":"open","ping_status":"closed","sticky":false,"template":"","format":"standard","meta":{"footnotes":""},"categories":[],"tags":[1781,2824,393,6111,295],"class_list":["post-48066","post","type-post","status-publish","format-standard","hentry","tag-energia-eolica","tag-italia-nostra","tag-liguria","tag-piano-energetico","tag-regione","post_cat_citta-andora"],"amp_validity":null,"amp_enabled":true,"_links":{"self":[{"href":"https:\/\/staging.ivg.it\/ediapi\/wp\/v2\/posts\/48066","targetHints":{"allow":["GET"]}}],"collection":[{"href":"https:\/\/staging.ivg.it\/ediapi\/wp\/v2\/posts"}],"about":[{"href":"https:\/\/staging.ivg.it\/ediapi\/wp\/v2\/types\/post"}],"author":[{"embeddable":true,"href":"https:\/\/staging.ivg.it\/ediapi\/wp\/v2\/users\/1385"}],"replies":[{"embeddable":true,"href":"https:\/\/staging.ivg.it\/ediapi\/wp\/v2\/comments?post=48066"}],"version-history":[{"count":0,"href":"https:\/\/staging.ivg.it\/ediapi\/wp\/v2\/posts\/48066\/revisions"}],"wp:attachment":[{"href":"https:\/\/staging.ivg.it\/ediapi\/wp\/v2\/media?parent=48066"}],"wp:term":[{"taxonomy":"category","embeddable":true,"href":"https:\/\/staging.ivg.it\/ediapi\/wp\/v2\/categories?post=48066"},{"taxonomy":"post_tag","embeddable":true,"href":"https:\/\/staging.ivg.it\/ediapi\/wp\/v2\/tags?post=48066"}],"curies":[{"name":"wp","href":"https:\/\/api.w.org\/{rel}","templated":true}]}}