{"id":480524,"date":"2019-10-29T08:46:37","date_gmt":"2019-10-29T07:46:37","guid":{"rendered":"http:\/\/www.ivg.it\/?p=480524"},"modified":"2019-10-29T08:46:37","modified_gmt":"2019-10-29T07:46:37","slug":"pulizia-spiaggia-e-torrenti-a-varazze","status":"publish","type":"post","link":"https:\/\/staging.ivg.it\/2019\/10\/pulizia-spiaggia-e-torrenti-a-varazze\/","title":{"rendered":"Pulizia spiaggia e torrenti a Varazze"},"content":{"rendered":"<p><strong>Varazze.<\/strong> Il numeroso e ingombrante materiale che l&#8217;ultima mareggiata aveva portato sulla spiaggia di Varazze (grossi tronchi d&#8217;albero e grovigli di vegetazione proveniente per la maggior parte dal genovese, spinto soprattutto dalla nota corrente di levante che arriva fin sulla Costa Azzurra) \u00e8 stato rimosso, gi\u00e0 dalle prime ore di luned\u00ec 28 ottobre, dal personale dei vari stabilimenti balneari, ridando al litorale il classico e invitante volto che aveva ospitato numerosissimi turisti e bagnanti dell&#8217;ultimo fine settimana.<\/p>\n<p>Un lavoro non facile e faticoso, compiuto anche con l&#8217;aiuto di caterpillar, per ripulire l&#8217;arenile di levante e di ponente, salvo qualche tratto particolarmente difficoltoso che sar\u00e0 comunque risolto nelle prossime ore. <\/p>\n<p>A questa importante azione di pulizia della spiaggia si \u00e8 aggiunta, da parte del Comune, la rimozione di una consistente vegetazione che interessava il tratto finale del torrente Arzocco, all&#8217;altezza del ponte che congiunge via Verdi a piazza Mazzini, facilitando cos\u00ec il flusso ordinato dell&#8217;acqua.<\/p>\n<p><em>(Testo e foto di Mario Traversi)<\/em><\/p>\n","protected":false},"excerpt":{"rendered":"<p>Rimosso il materiale portato sul litorale dall&#8217;ultima mareggiata<\/p>\n","protected":false},"author":10593,"featured_media":0,"comment_status":"open","ping_status":"closed","sticky":false,"template":"","format":"standard","meta":{"footnotes":""},"categories":[56],"tags":[],"class_list":["post-480524","post","type-post","status-publish","format-standard","hentry","category-altre","post_cat_citta-varazze"],"amp_validity":null,"amp_enabled":true,"_links":{"self":[{"href":"https:\/\/staging.ivg.it\/ediapi\/wp\/v2\/posts\/480524","targetHints":{"allow":["GET"]}}],"collection":[{"href":"https:\/\/staging.ivg.it\/ediapi\/wp\/v2\/posts"}],"about":[{"href":"https:\/\/staging.ivg.it\/ediapi\/wp\/v2\/types\/post"}],"author":[{"embeddable":true,"href":"https:\/\/staging.ivg.it\/ediapi\/wp\/v2\/users\/10593"}],"replies":[{"embeddable":true,"href":"https:\/\/staging.ivg.it\/ediapi\/wp\/v2\/comments?post=480524"}],"version-history":[{"count":0,"href":"https:\/\/staging.ivg.it\/ediapi\/wp\/v2\/posts\/480524\/revisions"}],"wp:attachment":[{"href":"https:\/\/staging.ivg.it\/ediapi\/wp\/v2\/media?parent=480524"}],"wp:term":[{"taxonomy":"category","embeddable":true,"href":"https:\/\/staging.ivg.it\/ediapi\/wp\/v2\/categories?post=480524"},{"taxonomy":"post_tag","embeddable":true,"href":"https:\/\/staging.ivg.it\/ediapi\/wp\/v2\/tags?post=480524"}],"curies":[{"name":"wp","href":"https:\/\/api.w.org\/{rel}","templated":true}]}}