{"id":480458,"date":"2019-10-28T13:24:39","date_gmt":"2019-10-28T12:24:39","guid":{"rendered":"http:\/\/www.ivg.it\/?p=480458"},"modified":"2019-10-28T13:29:32","modified_gmt":"2019-10-28T12:29:32","slug":"no-bitume-a-zuccarello-e-cisano-meno-posti-di-lavoro-balle-green-economy-per-la-vallata","status":"publish","type":"post","link":"https:\/\/staging.ivg.it\/2019\/10\/no-bitume-a-zuccarello-e-cisano-meno-posti-di-lavoro-balle-green-economy-per-la-vallata\/","title":{"rendered":"No Bitume a Zuccarello e Cisano: &#8220;Meno posti di lavoro? Balle&#8230; Green economy per la vallata&#8221;"},"content":{"rendered":"<p><strong>Zuccarello.<\/strong> La battaglia contro il bitume a Zuccarello e Cisano sul Neva prosegue, in attesa di capire quali saranno le linee guida sul fronte del processo di ambientalizzazione del settore per ridurre odori ed effetti negativi su ambiente e salute.<\/p>\n<p>Una battaglia che viene condotta anche sui social.<\/p>\n<p>&#8220;Che dire a quelli che dicono che si perdono posti di lavoro se si smette di fare bitume in Val Neva a Zuccarello? Che dire a quelli che non si rendono conto che esiste anche l&#8217;economia locale, basata sul turismo, sull&#8217;agricoltura, ecc&#8230;? Che dire a quelli che non si rendono conto che le loro stesse case saranno svalutate?&#8221; si legga in un post pubblicato sulla pagina Facebook &#8220;La Grande Puzza e non solo&#8230;&#8221;. <\/p>\n<p>&#8220;Se l&#8217;impianto sar\u00e0 ampliato aumenteranno solo le emissioni, i danni ambientali e i guadagni dell&#8217;azienda, visto che ormai tutto \u00e8 meccanizzato&#8230; E poi non siamo all&#8217;Ilva dove si parla di 20.000 lavoratori!&#8221; affermano dal comitato di cittadini.<\/p>\n<p>&#8220;Sicuramente con attivit\u00e0 pi\u00f9 sostenibili si potrebbe fare del bene a tutta l&#8217;economia del territorio e non solo ad una realt\u00e0 aziendale. E non siamo noi i soli a dirlo ma il mondo intero&#8221;.<\/p>\n<p>&#8220;Smettetela di pensare con la mentalit\u00e0 imprenditoriale del secolo scorso! Sveglia! Ascoltate il mondo e i trend economici. Possibile che la Liguria debba sempre essere l&#8217;ultima in tutto?&#8221; conclude il post, evidenziando la necessit\u00e0 di investire su sviluppo sostenibile e turismo ambientale, quella &#8220;green economy&#8221; che secondo gli abitanti della vallata sarebbe l&#8217;indirizzo migliore.<\/p>\n","protected":false},"excerpt":{"rendered":"<p>Un post su Facebook per chiarire il discorso occupazionale<\/p>\n","protected":false},"author":4,"featured_media":0,"comment_status":"open","ping_status":"closed","sticky":false,"template":"","format":"standard","meta":{"footnotes":""},"categories":[45296,35,31],"tags":[71688,109789,75026],"class_list":["post-480458","post","type-post","status-publish","format-standard","hentry","category-copertina","category-economia","category-politica","tag-bitume","tag-lavorazione-bitume-zuccarello","tag-no-al-bitume","post_cat_citta-cisano-sul-neva","post_cat_citta-zuccarello"],"amp_validity":null,"amp_enabled":true,"_links":{"self":[{"href":"https:\/\/staging.ivg.it\/ediapi\/wp\/v2\/posts\/480458","targetHints":{"allow":["GET"]}}],"collection":[{"href":"https:\/\/staging.ivg.it\/ediapi\/wp\/v2\/posts"}],"about":[{"href":"https:\/\/staging.ivg.it\/ediapi\/wp\/v2\/types\/post"}],"author":[{"embeddable":true,"href":"https:\/\/staging.ivg.it\/ediapi\/wp\/v2\/users\/4"}],"replies":[{"embeddable":true,"href":"https:\/\/staging.ivg.it\/ediapi\/wp\/v2\/comments?post=480458"}],"version-history":[{"count":0,"href":"https:\/\/staging.ivg.it\/ediapi\/wp\/v2\/posts\/480458\/revisions"}],"wp:attachment":[{"href":"https:\/\/staging.ivg.it\/ediapi\/wp\/v2\/media?parent=480458"}],"wp:term":[{"taxonomy":"category","embeddable":true,"href":"https:\/\/staging.ivg.it\/ediapi\/wp\/v2\/categories?post=480458"},{"taxonomy":"post_tag","embeddable":true,"href":"https:\/\/staging.ivg.it\/ediapi\/wp\/v2\/tags?post=480458"}],"curies":[{"name":"wp","href":"https:\/\/api.w.org\/{rel}","templated":true}]}}