{"id":480085,"date":"2019-10-23T16:48:31","date_gmt":"2019-10-23T14:48:31","guid":{"rendered":"http:\/\/www.ivg.it\/?p=480085"},"modified":"2019-10-23T16:48:31","modified_gmt":"2019-10-23T14:48:31","slug":"terminata-con-successo-la-spedizione-va-sentiero-lassessore-mai-ha-valorizzato-il-nostro-territorio","status":"publish","type":"post","link":"https:\/\/staging.ivg.it\/2019\/10\/terminata-con-successo-la-spedizione-va-sentiero-lassessore-mai-ha-valorizzato-il-nostro-territorio\/","title":{"rendered":"Terminata con successo la spedizione &#8220;Va sentiero&#8221;, l&#8217;assessore Mai: &#8220;Ha valorizzato il nostro territorio&#8221;"},"content":{"rendered":"<p><strong>Provincia.\u00a0<\/strong>Si \u00e8 conclusa oggi la tratta ligure di &#8220;Va&#8217; Sentiero&#8221;, la spedizione che porta un gruppo di ragazzi ad attraversare a piedi i sentieri di tutta l&#8217;Italia.<\/p>\n<p>La Liguria \u00e8 stata interessata dal 9 al 23 di ottobre e ha visto i ragazzi attraversare a piedi tutti i 440 chilometri dell&#8217;Alta Via dei Monti Liguri.\u00a0L&#8217;ultima camminata oggi pomeriggio al passo di Centocroci, al confine fra la Liguria e l&#8217;Emilia Romagna.<\/p>\n<p>Soddisfazione espressa dall&#8217;assessore regionale allo sviluppo dell&#8217;entroterra, Stefano Mai:\u00a0&#8220;Si tratta di un&#8217;iniziativa molto bella che ha valorizzato i nostri sentieri e soprattutto lo splendido percorso dell&#8217;Alta Via dei Monti Liguri: il sentiero che permette di attraversare interamente la regione da un confine all&#8217;altro. Sono convinto che i sentieri liguri, che recentemente hanno superato i 4mila chilometri, rappresentino una risorsa fondamentale, non solo per il turismo, ma per tutto l&#8217;entroterra. I sentieri, chi li mantiene e chi li percorre, ci permettono di valorizzarlo e soprattutto mantenere il nostro territorio. Un ringraziamento va ai ragazzi di Va&#8217; Sentiero&#8221;.<\/p>\n<p>Soddisfazione espressa anche da\u00a0Yuri Basilic\u00f2 di &#8220;Va&#8217; Sentiero&#8221;:\u00a0&#8220;Va&#8217; Sentiero conclude la sua tratta ligure, durata due settimane. La Liguria ci ha accolto tra raffiche di vento e scorci improvvisi, mozzafiato, sospesi tra la vastit\u00e0 del mare, a sud, e lo sguardo sulle cime alpine, a nord. Percorrendo l&#8217;Alta Via dei Monti Liguri abbiamo lasciato definitivamente le Alpi e iniziati gli Appennini: una vera cerniera tra le due catene montuose.\u00a0Un plauso speciale all&#8217;Associazione Ospitalit\u00e0 Alta Via dei Monti Liguri che, supportandoci con amicizia e calore, ci ha fatto ancora pi\u00f9 apprezzare le bellezze naturali e umane di queste montagne, che speriamo possano essere sempre pi\u00f9 rivalutate all&#8217;insegna della sostenibilit\u00e0. Il loro potenziale \u00e8 incredibile&#8221;.<\/p>\n","protected":false},"excerpt":{"rendered":"<p>L&#8217;evento si \u00e8 svolto dal 9 al 23 ottobre e ha interessato un percorso a piedi di 440 chilometri <\/p>\n","protected":false},"author":17962,"featured_media":0,"comment_status":"open","ping_status":"closed","sticky":false,"template":"","format":"standard","meta":{"footnotes":""},"categories":[45296,56,31],"tags":[16457],"class_list":["post-480085","post","type-post","status-publish","format-standard","hentry","category-copertina","category-altre","category-politica","tag-assessore-regionale","post_cat_citta-provincia","post_tag_personaggi-stefano-mai"],"amp_validity":null,"amp_enabled":true,"_links":{"self":[{"href":"https:\/\/staging.ivg.it\/ediapi\/wp\/v2\/posts\/480085","targetHints":{"allow":["GET"]}}],"collection":[{"href":"https:\/\/staging.ivg.it\/ediapi\/wp\/v2\/posts"}],"about":[{"href":"https:\/\/staging.ivg.it\/ediapi\/wp\/v2\/types\/post"}],"author":[{"embeddable":true,"href":"https:\/\/staging.ivg.it\/ediapi\/wp\/v2\/users\/17962"}],"replies":[{"embeddable":true,"href":"https:\/\/staging.ivg.it\/ediapi\/wp\/v2\/comments?post=480085"}],"version-history":[{"count":0,"href":"https:\/\/staging.ivg.it\/ediapi\/wp\/v2\/posts\/480085\/revisions"}],"wp:attachment":[{"href":"https:\/\/staging.ivg.it\/ediapi\/wp\/v2\/media?parent=480085"}],"wp:term":[{"taxonomy":"category","embeddable":true,"href":"https:\/\/staging.ivg.it\/ediapi\/wp\/v2\/categories?post=480085"},{"taxonomy":"post_tag","embeddable":true,"href":"https:\/\/staging.ivg.it\/ediapi\/wp\/v2\/tags?post=480085"}],"curies":[{"name":"wp","href":"https:\/\/api.w.org\/{rel}","templated":true}]}}