{"id":479943,"date":"2019-10-22T11:34:35","date_gmt":"2019-10-22T09:34:35","guid":{"rendered":"http:\/\/www.ivg.it\/?p=479943"},"modified":"2019-10-22T11:34:35","modified_gmt":"2019-10-22T09:34:35","slug":"bombardier-lassessore-regionale-benveduti-urgente-conoscere-il-nuovo-piano-industriale","status":"publish","type":"post","link":"https:\/\/staging.ivg.it\/2019\/10\/bombardier-lassessore-regionale-benveduti-urgente-conoscere-il-nuovo-piano-industriale\/","title":{"rendered":"Bombardier, l&#8217;assessore regionale Benveduti: &#8220;Urgente conoscere il nuovo piano industriale&#8221;"},"content":{"rendered":"<p><strong>Provincia.\u00a0<\/strong>&#8220;Ci uniamo all&#8217;appello dei sindacati, che richiedono la riconvocazione di un tavolo di confronto sulla vertenza Bombardier. Il piano di esuberi a livello europeo, che coinvolge 21 lavoratori dello stabilimento di Vado Ligure, indebolisce la natura stessa del sito produttivo savonese, esponendolo ulteriormente al rischio chiusura&#8221;. \u00c8 il commento dell&#8217;assessore regionale allo sviluppo economico Andrea Benveduti in merito alla nota diramata dalle segreterie territoriali di Fiom, Fim e Uilm.<\/p>\n<p>&#8220;Il percorso stabilito lo scorso giugno ha subito ritardi &#8211; aggiunge Benveduti &#8211; che non possono essere giustificati dalla crisi di governo. Ci piacerebbe aver finalmente contezza di un piano industriale che, ad oggi solo a parole, prevede un accordo con una realt\u00e0 di primo piano del settore ferroviario per la gestione del reparto operations. Accordo che \u00e8 quanto mai urgente raggiungere, vista l&#8217;imminente fase di scarico di lavoro che sta riguardando l&#8217;azienda&#8221;.<\/p>\n<p>&#8220;\u00c8 necessario perci\u00f2 capire le reali intenzioni della propriet\u00e0 nell&#8217;interesse dei lavoratori e di un territorio, gi\u00e0 sottoposto ad altre situazioni di crisi industriale. Nei prossimi giorni andremo a far visita allo stabilimento di Vado Ligure, per confrontarci da vicino con le criticit\u00e0 esposte dai lavoratori. Ci aspettiamo che il Gruppo tenga fede ai precedenti impegni, portando produzioni non solo legate al mercato italiano, ma anche ai mercati esteri&#8221; conclude l&#8217;assessore.<\/p>\n","protected":false},"excerpt":{"rendered":"<p>Un appello che va ad unirsi a quello gi\u00e0 espresso dai sindacati<\/p>\n","protected":false},"author":17962,"featured_media":0,"comment_status":"open","ping_status":"closed","sticky":false,"template":"","format":"standard","meta":{"footnotes":""},"categories":[45296,56,31],"tags":[16457,4078,3694,410],"class_list":["post-479943","post","type-post","status-publish","format-standard","hentry","category-copertina","category-altre","category-politica","tag-assessore-regionale","tag-bombardier","tag-piano-industriale","tag-sindacati","post_cat_citta-provincia","post_tag_personaggi-andrea-benveduti"],"amp_validity":null,"amp_enabled":true,"_links":{"self":[{"href":"https:\/\/staging.ivg.it\/ediapi\/wp\/v2\/posts\/479943","targetHints":{"allow":["GET"]}}],"collection":[{"href":"https:\/\/staging.ivg.it\/ediapi\/wp\/v2\/posts"}],"about":[{"href":"https:\/\/staging.ivg.it\/ediapi\/wp\/v2\/types\/post"}],"author":[{"embeddable":true,"href":"https:\/\/staging.ivg.it\/ediapi\/wp\/v2\/users\/17962"}],"replies":[{"embeddable":true,"href":"https:\/\/staging.ivg.it\/ediapi\/wp\/v2\/comments?post=479943"}],"version-history":[{"count":0,"href":"https:\/\/staging.ivg.it\/ediapi\/wp\/v2\/posts\/479943\/revisions"}],"wp:attachment":[{"href":"https:\/\/staging.ivg.it\/ediapi\/wp\/v2\/media?parent=479943"}],"wp:term":[{"taxonomy":"category","embeddable":true,"href":"https:\/\/staging.ivg.it\/ediapi\/wp\/v2\/categories?post=479943"},{"taxonomy":"post_tag","embeddable":true,"href":"https:\/\/staging.ivg.it\/ediapi\/wp\/v2\/tags?post=479943"}],"curies":[{"name":"wp","href":"https:\/\/api.w.org\/{rel}","templated":true}]}}