{"id":479878,"date":"2019-10-21T15:12:27","date_gmt":"2019-10-21T13:12:27","guid":{"rendered":"http:\/\/www.ivg.it\/?p=479878"},"modified":"2019-10-21T15:12:27","modified_gmt":"2019-10-21T13:12:27","slug":"savona-martedi-22-verranno-donati-piu-di-500-libri-al-reparto-pediatria-dellospedale","status":"publish","type":"post","link":"https:\/\/staging.ivg.it\/2019\/10\/savona-martedi-22-verranno-donati-piu-di-500-libri-al-reparto-pediatria-dellospedale\/","title":{"rendered":"Savona, marted\u00ec 22 verranno donati pi\u00f9 di 500 libri al reparto Pediatria dell&#8217;ospedale"},"content":{"rendered":"<p><strong>Savona<\/strong>.\u00a0Per il secondo anno consecutivo la libreria &#8220;Giunti al Punto&#8221; di Savona devolve una &#8220;montagna&#8221; di libri al reparto Pediatria dell&#8217;ospedale San Paolo.<\/p>\n<p>Nell&#8217;ambito dell&#8217;iniziativa &#8220;Aiutaci a crescere&#8230;regalaci un libro&#8221; i clienti della libreria, durante il mese di agosto, hanno infatti avuto la possibilit\u00e0 di acquistare un libro e destinarlo alla lettura nelle scuole dell&#8217;infanzia e primarie o ai reparti pediatrici.<\/p>\n<p>Quest&#8217;anno i volumi donati per tutte le fasce di et\u00e0 sono ben 575 a Savona e circa altrettanti a Pietra Ligure e verranno utilizzati dall&#8217;associazione Cresc.I per il progetto &#8220;Fiabe della Buonanotte&#8221; attraverso il quale alcuni volontari intrattengono con la lettura i\u00a0 piccoli ricoverati nelle ore serali.<\/p>\n<p>Il dottor Gaiero, direttore f.f. della S.C. di pediatria sostiene: \u201cQuesta iniziativa \u00e8 molto importante per portare serenit\u00e0 ai piccoli ricoverati della Pediatria e alle loro famiglie e va ad integrare il progetto &#8216;Favole della buonanotte&#8217; nell\u2019ambito dell&#8217;accoglienza, sempre<br \/>\nsostenuta dal reparto, per cercare di rendere l\u2019ospedale sempre pi\u00f9 a misura di bambino\u201d.<\/p>\n<p>Il progetto \u201cFavole della Buonanotte\u201d avviato nel 2010, voluto dal dottor Cohen e dalla coordinatrice dottoressa Patrizia Marenco, ha iniziato con soli 4 volontari, mentre ora ne conta circa 40 che leggono le favole. Il risultato \u00e8 significativo e terapeutico: i bimbi ascoltano volentieri la lettura di fiabe, partecipano, si rilassano e i genitori capiscono ancora di pi\u00f9 il grande valore che ha la lettura sui bambini e quanto sia efficace sul piano affettivo, cognitivo ed educativo.<\/p>\n<p>Si ringraziano infinitamente Daniela, Francesca e Sara della libreria per aver aderito all&#8217;iniziativa, un grazie speciale a tutte le persone che hanno scelto di donare un libro, apponendo anche delle bellissime dediche rivolte ai bambini e tutti i volontari che ogni giorno regalano emozioni e sorrisi allietando i pomeriggi e le serate dei bimbi ricoverati prima della buonanotte.<\/p>\n<p>La consegna ufficiale dei libri, che avverr\u00e0 marted\u00ec 22 ottobre alle 13.30 presso il reparto di Pediatria dell&#8217;ospedale San Paolo di Savona, \u00e8 aperta al pubblico.<\/p>\n","protected":false},"excerpt":{"rendered":"<p>La consegna avverr\u00e0 direttamente nel reparto di Pediatria alle 13.30 e sar\u00e0 aperta al pubblico<\/p>\n","protected":false},"author":18838,"featured_media":0,"comment_status":"open","ping_status":"closed","sticky":false,"template":"","format":"standard","meta":{"footnotes":""},"categories":[56],"tags":[110251,941],"class_list":["post-479878","post","type-post","status-publish","format-standard","hentry","category-altre","tag-giunti-al-punto","tag-pediatria","post_cat_citta-savona"],"amp_validity":null,"amp_enabled":true,"_links":{"self":[{"href":"https:\/\/staging.ivg.it\/ediapi\/wp\/v2\/posts\/479878","targetHints":{"allow":["GET"]}}],"collection":[{"href":"https:\/\/staging.ivg.it\/ediapi\/wp\/v2\/posts"}],"about":[{"href":"https:\/\/staging.ivg.it\/ediapi\/wp\/v2\/types\/post"}],"author":[{"embeddable":true,"href":"https:\/\/staging.ivg.it\/ediapi\/wp\/v2\/users\/18838"}],"replies":[{"embeddable":true,"href":"https:\/\/staging.ivg.it\/ediapi\/wp\/v2\/comments?post=479878"}],"version-history":[{"count":0,"href":"https:\/\/staging.ivg.it\/ediapi\/wp\/v2\/posts\/479878\/revisions"}],"wp:attachment":[{"href":"https:\/\/staging.ivg.it\/ediapi\/wp\/v2\/media?parent=479878"}],"wp:term":[{"taxonomy":"category","embeddable":true,"href":"https:\/\/staging.ivg.it\/ediapi\/wp\/v2\/categories?post=479878"},{"taxonomy":"post_tag","embeddable":true,"href":"https:\/\/staging.ivg.it\/ediapi\/wp\/v2\/tags?post=479878"}],"curies":[{"name":"wp","href":"https:\/\/api.w.org\/{rel}","templated":true}]}}