{"id":479866,"date":"2019-10-21T12:31:27","date_gmt":"2019-10-21T10:31:27","guid":{"rendered":"http:\/\/www.ivg.it\/?p=479866"},"modified":"2019-10-21T12:45:25","modified_gmt":"2019-10-21T10:45:25","slug":"agricoltura-coldiretti-la-brexit-non-deve-condizionare-lexport-made-in-liguria","status":"publish","type":"post","link":"https:\/\/staging.ivg.it\/2019\/10\/agricoltura-coldiretti-la-brexit-non-deve-condizionare-lexport-made-in-liguria\/","title":{"rendered":"Agricoltura, Coldiretti: &#8220;La Brexit non deve condizionare l&#8217;export made in Liguria&#8221;"},"content":{"rendered":"<p><strong>Provincia.\u00a0<\/strong>A pagare il conto della Brexit non deve essere l&#8217;agricoltura e le grandi eccellenze dei territori, compreso quello ligure, che nei primi sei mesi del 2019, ha registrato il buon andamento nell&#8217;export del settore primario (agricoltura, silvicoltura e pesca) verso il Regno Unito, per un valore di oltre 4milioni di euro.<\/p>\n<p>E&#8217; quanto afferma Coldiretti Liguria, su base dati Istat, nel commentare positivamente l&#8217;accordo raggiunto sull&#8217;uscita ordinata della Gran Bretagna dall&#8217;Unione Europea: un risultato che evita il rischio dell&#8217;applicazione immediata delle regole WTO in caso di &#8220;hard Brexit&#8221; e quindi dell&#8217;arrivo di dazi e ostacoli amministrativi e doganali alle esportazioni che nell&#8217;agroalimentare 2018 ha raggiunto, a livello nazionale, i 3,4 miliardi di euro e classificano la Gran Bretagna al quarto posto tra i partner commerciali del Belpaese nell&#8217;agroalimentare. Con l&#8217;accordo si creano le condizioni anche per il mantenimento della tutela giuridica dei prodotti a indicazioni geografica e di qualit\u00e0 (Dop\/Igp), almeno fino alla fine del periodo transitorio, prodotti che, senza protezione europea, rischiavano di subire la concorrenza sleale delle imitazione provenienti da Paesi extracomunitari.<\/p>\n<p>&#8220;La Brexit \u2013 affermano il Presidente di Coldiretti Liguria <b>Gianluca Boeri<\/b> e il Delegato Confederale <b>Bruno Rivarossa<\/b> \u2013 preoccupa non poco anche l&#8217;export della nostra regione soprattutto per eccellenze locali come l&#8217;olio DOP Riviera Ligure e il vino DOC, un prodotto quest&#8217;ultimo che soprattutto negli ultimi anni \u00e8 uscito dai confini regionali e ha conquistato, per la sua qualit\u00e0, molti paesi esteri. L&#8217;accordo raggiunto quindi \u00e8 un passo importante per la tutela delle nostre produzioni dalla e in generale dell&#8217;agricoltura italiana, che \u00e8 un settore chiave per vincere le nuove sfide che l&#8217;Unione deve affrontare, dai cambiamenti climatici all&#8217;immigrazione alla sicurezza&#8221;.<\/p>\n","protected":false},"excerpt":{"rendered":"<p>Secondo l&#8217;associazione di rappresentanza dell&#8217;agricoltura italiana, le eccellenze del nostro territorio non devono pagare il conto della Brexit <\/p>\n","protected":false},"author":17962,"featured_media":0,"comment_status":"open","ping_status":"closed","sticky":false,"template":"","format":"standard","meta":{"footnotes":""},"categories":[45296,35],"tags":[560,86640,1664],"class_list":["post-479866","post","type-post","status-publish","format-standard","hentry","category-copertina","category-economia","tag-agricoltura","tag-brexit","tag-coldiretti","post_tag_personaggi-bruno-rivarossa","post_tag_personaggi-gianluca-boeri"],"amp_validity":null,"amp_enabled":true,"_links":{"self":[{"href":"https:\/\/staging.ivg.it\/ediapi\/wp\/v2\/posts\/479866","targetHints":{"allow":["GET"]}}],"collection":[{"href":"https:\/\/staging.ivg.it\/ediapi\/wp\/v2\/posts"}],"about":[{"href":"https:\/\/staging.ivg.it\/ediapi\/wp\/v2\/types\/post"}],"author":[{"embeddable":true,"href":"https:\/\/staging.ivg.it\/ediapi\/wp\/v2\/users\/17962"}],"replies":[{"embeddable":true,"href":"https:\/\/staging.ivg.it\/ediapi\/wp\/v2\/comments?post=479866"}],"version-history":[{"count":0,"href":"https:\/\/staging.ivg.it\/ediapi\/wp\/v2\/posts\/479866\/revisions"}],"wp:attachment":[{"href":"https:\/\/staging.ivg.it\/ediapi\/wp\/v2\/media?parent=479866"}],"wp:term":[{"taxonomy":"category","embeddable":true,"href":"https:\/\/staging.ivg.it\/ediapi\/wp\/v2\/categories?post=479866"},{"taxonomy":"post_tag","embeddable":true,"href":"https:\/\/staging.ivg.it\/ediapi\/wp\/v2\/tags?post=479866"}],"curies":[{"name":"wp","href":"https:\/\/api.w.org\/{rel}","templated":true}]}}