{"id":479804,"date":"2019-10-20T18:50:13","date_gmt":"2019-10-20T16:50:13","guid":{"rendered":"http:\/\/www.ivg.it\/?p=479804"},"modified":"2019-10-20T18:54:55","modified_gmt":"2019-10-20T16:54:55","slug":"legge-spazzacorotti-la-camera-penale-di-savona-aderisce-allo-sciopero-delle-udienze-penali-no-alla-prescrizione-illimitata","status":"publish","type":"post","link":"https:\/\/staging.ivg.it\/2019\/10\/legge-spazzacorotti-la-camera-penale-di-savona-aderisce-allo-sciopero-delle-udienze-penali-no-alla-prescrizione-illimitata\/","title":{"rendered":"Legge Spazzacorotti, la Camera Penale di Savona aderisce allo sciopero delle udienze: &#8220;No alla prescrizione illimitata&#8221;"},"content":{"rendered":"<p><strong>Savona<\/strong>. Anche la Camera Penale di Savona ha deciso di aderire alla settimana di sciopero delle udienze penali proclamato dall&#8217;Unione delle Camere Penali Italiane dal 21 al 25 ottobre (per il 25 ottobre aderir\u00e0 anche l&#8217;organismo congressuale forense, che ha indetto astensione per tutte le attivit\u00e0).<\/p>\n<p>Maria Teresa Bergamaschi, presidente della Camera Penale di Savona, spiega che tale scelta \u00e8 dovuta al fatto che \u201c\u00e8 prossima all&#8217;entrata in vigore la parte della legge numero 3 del 2019, meglio nota come &#8216;Spazzacorrotti&#8217;, nella sezione che prevede una illimitata sospensione della prescrizione dopo la sentenza di primo grado\u201d.<\/p>\n<p>Proprio per questo il congresso dell&#8217;Ucpi in corso a Taormina dal 18 al 20 ottobre (al quale ha partecipato, oltre alla presidente Maria Teresa Bergamaschi, anche l&#8217;intero direttivo della Camera Penale di Savona composto da Mara Tagliero, Luigi Trucco, Domenico Chir\u00f2 e Fabio Coggiola) \u00e8 stato intitolato \u201cImputato per sempre\u201d.<\/p>\n<p>\u201cIn effetti la conseguenza della riforma sar\u00e0 quella di sottoporre le persone imputate ad un processo che potr\u00e0 durare per un tempo illimitato, facendole rimanere nell&#8217;incertezza e nell&#8217;impossibilit\u00e0 di organizzare la propria vita, ci\u00f2 in palese contrasto con i principi costituzionali e fondamentali della ragionevole durata del processo\u201d.<\/p>\n","protected":false},"excerpt":{"rendered":"<p>Secondo la presidente Maria Teresa Bergamaschi ci\u00f2 \u00e8 &#8220;in palese contrasto con i principi costituzionali e fondamentali della ragionevole durata del processo&#8221;<\/p>\n","protected":false},"author":12120,"featured_media":0,"comment_status":"open","ping_status":"closed","sticky":false,"template":"","format":"standard","meta":{"footnotes":""},"categories":[45296,34],"tags":[95511],"class_list":["post-479804","post","type-post","status-publish","format-standard","hentry","category-copertina","category-cronaca","tag-camera-penale-savona","post_tag_personaggi-domenico-chiro","post_tag_personaggi-fabio-coggiola","post_tag_personaggi-luigi-trucco","post_tag_personaggi-mara-tagliero","post_tag_personaggi-maria-teresa-bergamaschi"],"amp_validity":null,"amp_enabled":true,"_links":{"self":[{"href":"https:\/\/staging.ivg.it\/ediapi\/wp\/v2\/posts\/479804","targetHints":{"allow":["GET"]}}],"collection":[{"href":"https:\/\/staging.ivg.it\/ediapi\/wp\/v2\/posts"}],"about":[{"href":"https:\/\/staging.ivg.it\/ediapi\/wp\/v2\/types\/post"}],"author":[{"embeddable":true,"href":"https:\/\/staging.ivg.it\/ediapi\/wp\/v2\/users\/12120"}],"replies":[{"embeddable":true,"href":"https:\/\/staging.ivg.it\/ediapi\/wp\/v2\/comments?post=479804"}],"version-history":[{"count":0,"href":"https:\/\/staging.ivg.it\/ediapi\/wp\/v2\/posts\/479804\/revisions"}],"wp:attachment":[{"href":"https:\/\/staging.ivg.it\/ediapi\/wp\/v2\/media?parent=479804"}],"wp:term":[{"taxonomy":"category","embeddable":true,"href":"https:\/\/staging.ivg.it\/ediapi\/wp\/v2\/categories?post=479804"},{"taxonomy":"post_tag","embeddable":true,"href":"https:\/\/staging.ivg.it\/ediapi\/wp\/v2\/tags?post=479804"}],"curies":[{"name":"wp","href":"https:\/\/api.w.org\/{rel}","templated":true}]}}