{"id":479490,"date":"2019-10-16T18:59:25","date_gmt":"2019-10-16T16:59:25","guid":{"rendered":"http:\/\/www.ivg.it\/?p=479490"},"modified":"2019-10-16T20:19:41","modified_gmt":"2019-10-16T18:19:41","slug":"pietra-i-bambini-non-si-toccano-annullata-la-manifestazione","status":"publish","type":"post","link":"https:\/\/staging.ivg.it\/2019\/10\/pietra-i-bambini-non-si-toccano-annullata-la-manifestazione\/","title":{"rendered":"Pietra Ligure, &#8220;I bambini non si toccano&#8221;: una madre annuncia l&#8217;annullamento dell&#8217;evento. Ma &#8220;Pi\u00f9 Italia&#8221; ribadisce: &#8220;Si far\u00e0&#8221;"},"content":{"rendered":"<p><strong>Pietra L. <\/strong>Aveva fatto imbufalire il primo cittadino pietrese Luigi De Vincenzi (clicca <a href=\"https:\/\/www.ivg.it\/2019\/10\/bufera-a-pietra-ligure-sullincontro-dedicato-ai-minori-il-sindaco-de-vincenzi-se-ci-sono-state-violazioni-esiste-la-magistratura\/\"><strong>QUI<\/strong><\/a> per leggere l&#8217;intervento del sindaco), che si era detto pronto &#8220;ad azioni legali per tutelare la nostra comunit\u00e0&#8221; e oggi, l&#8217;evento &#8220;I bambini non si toccano&#8221;, \u00a0in programma il 18 ottobre prossimo a Pietra Ligure, torna a far parlare di s\u00e9.<\/p>\n<p>Una delle madri promotrici della manifestazione &#8211; in contrapposizione con il partito il &#8220;Pi\u00f9 Italia&#8221;, coorganizzatore dell&#8217;appuntamento pietrese dedicato alle famiglie &#8220;ingiustamente private dei loro figli&#8221; &#8211; nel pomeriggio aveva comunicato sul suo personale profilo facebook che l&#8217;evento era stato annullato. <div class=\"single-img-content-container fullwidth-single shortcode standard\">\n    <div class=\"image_container\" style=\"text-align: center;\">\n        <picture class=\" lazyload\"><img loading=\"lazy\" class=\"lazy\" data-srcset=\"https:\/\/www.ivg.it\/photogallery_new\/images\/2019\/10\/pietra-i-bambini-non-si-toccano-annullata-la-manifestazione-583540.jpg 1024w, https:\/\/www.ivg.it\/photogallery_new\/images\/2019\/10\/pietra-i-bambini-non-si-toccano-annullata-la-manifestazione-583540.jpg 970w, https:\/\/www.ivg.it\/photogallery_new\/images\/2019\/10\/pietra-i-bambini-non-si-toccano-annullata-la-manifestazione-583540.jpg 660w, https:\/\/www.ivg.it\/photogallery_new\/images\/2019\/10\/pietra-i-bambini-non-si-toccano-annullata-la-manifestazione-583540.jpg 316w, https:\/\/www.ivg.it\/photogallery_new\/images\/2019\/10\/pietra-i-bambini-non-si-toccano-annullata-la-manifestazione-583540.jpg 150w\"  data-src=\"https:\/\/www.ivg.it\/photogallery_new\/images\/2019\/10\/pietra-i-bambini-non-si-toccano-annullata-la-manifestazione-583540.jpg\" alt=\"Pietra, &quot;I bambini non si toccano&quot;: annullata la manifestazione \" \/><\/picture>\r\n\n    <\/div>\n    <\/div>\n<\/p>\n<p>Tuttavia, sempre dai social, \u00e8 arrivata la smentita di &#8220;Pi\u00f9 Italia&#8221;: &#8220;Il movimento Pi\u00f9 Italia comunica che, a fronte delle ultime chiacchiere riguardo la situazione a Pietra Ligure, il presidente Nazionale Pignalberi conferma la sua presenza in piazza Vecchia il 18 Ottobre.<br \/>\nLa manifestazione sar\u00e0 eseguita con regolare autorizzazione della Questura di Savona e sar\u00e0 regolarmente controllata dalle forze dell&#8217;ordine&#8221; si legge sul profilo ufficiale del movimento.<\/p>\n<p>Nel mirino di De Vincenzi, pochi giorni fa, erano finite le dichiarazioni apparse sui post della pagina facebook del movimento che accostano alcuni episodi denunciati a Pietra Ligure ai fatti avvenuti a Bibbiano e finiti alla ribalta delle cronache nazionali.\u00a0Al centro il tema della \u201csottrazione illecita di minori\u201d, con il movimento che sostiene di aver gi\u00e0 \u201cacceso 4 volte i riflettori su Pietra Ligure\u201d e di aver gi\u00e0 \u201cscritto alla Procura\u201d savonese.<\/p>\n<p>&nbsp;<\/p>\n<p>&nbsp;<\/p>\n","protected":false},"excerpt":{"rendered":"<p>La conferma con un comunicato ufficiale postato sulla pagina facebook del movimento politico <\/p>\n","protected":false},"author":17962,"featured_media":0,"comment_status":"open","ping_status":"closed","sticky":false,"template":"","format":"standard","meta":{"footnotes":""},"categories":[45296,56],"tags":[109005,669,109835],"class_list":["post-479490","post","type-post","status-publish","format-standard","hentry","category-copertina","category-altre","tag-bibbiano","tag-manifestazione","tag-piu-italia","post_cat_citta-pietra-ligure"],"amp_validity":null,"amp_enabled":true,"_links":{"self":[{"href":"https:\/\/staging.ivg.it\/ediapi\/wp\/v2\/posts\/479490","targetHints":{"allow":["GET"]}}],"collection":[{"href":"https:\/\/staging.ivg.it\/ediapi\/wp\/v2\/posts"}],"about":[{"href":"https:\/\/staging.ivg.it\/ediapi\/wp\/v2\/types\/post"}],"author":[{"embeddable":true,"href":"https:\/\/staging.ivg.it\/ediapi\/wp\/v2\/users\/17962"}],"replies":[{"embeddable":true,"href":"https:\/\/staging.ivg.it\/ediapi\/wp\/v2\/comments?post=479490"}],"version-history":[{"count":0,"href":"https:\/\/staging.ivg.it\/ediapi\/wp\/v2\/posts\/479490\/revisions"}],"wp:attachment":[{"href":"https:\/\/staging.ivg.it\/ediapi\/wp\/v2\/media?parent=479490"}],"wp:term":[{"taxonomy":"category","embeddable":true,"href":"https:\/\/staging.ivg.it\/ediapi\/wp\/v2\/categories?post=479490"},{"taxonomy":"post_tag","embeddable":true,"href":"https:\/\/staging.ivg.it\/ediapi\/wp\/v2\/tags?post=479490"}],"curies":[{"name":"wp","href":"https:\/\/api.w.org\/{rel}","templated":true}]}}