{"id":479456,"date":"2019-10-19T09:22:13","date_gmt":"2019-10-19T07:22:13","guid":{"rendered":"http:\/\/www.ivg.it\/?p=479456"},"modified":"2019-10-19T11:45:10","modified_gmt":"2019-10-19T09:45:10","slug":"marco-centino-inizia-la-riabilitazione-con-la-fes-bike-grazie-a-tutti-ci-vediamo-presto","status":"publish","type":"post","link":"https:\/\/staging.ivg.it\/2019\/10\/marco-centino-inizia-la-riabilitazione-con-la-fes-bike-grazie-a-tutti-ci-vediamo-presto\/","title":{"rendered":"Marco Centino inizia la riabilitazione con la Fes Bike: \u201cGrazie a tutti, ci vediamo presto\u201d"},"content":{"rendered":"<p><strong>Tovo San Giacomo<\/strong>. \u201cGrazie a tutti voi. Ci vediamo presto\u201d. E&#8217; la promessa che Marco Centino, il giovane tovese che a giugno 2018 \u00e8 stato vittima di un grave incidente stradale, rivolge a tutti gli amici e, soprattutto, a coloro i quali hanno contribuito all&#8217;acquisto della Fes Bike, l&#8217;attrezzo che gli permetter\u00e0 di proseguire nel suo lungo recupero motorio.<\/p>\n<p>La lotteria e lo spettacolo di beneficenza svoltisi il 12 settembre al cinema-teatro Moretti di Pietra Ligure, la \u201cpartita del cuore\u201d tra la \u201cNazionale Calcio Tv\u201d ed il \u201cTeam Stone\u201d organizzata lo scorso 13 settembre dall\u2019Asd Pietra Ligure 1956 nonch\u00e9 i tanti altri eventi ed attivit\u00e0 collaterali insieme alle donazioni ricevute dalle pro loco hanno consentito di raggiungere l&#8217;importante cifra di 25.544,17 euro.<\/p>\n<p>Una parte di questi (circa 16 mila euro pi\u00f9 Iva) sono stati utilizzati per acquistare l&#8217;attrezzo, che \u00e8 gi\u00e0 stato \u201crecapitato\u201d a Villa Beretta, il centro specializzato in cui Marco sta effettuando la propria riabilitazione (la cifra restante rester\u00e0 a disposizione della famiglia qualora si dovessero rendere necessarie nuove strumentazioni riabilitative).<\/p>\n<p>La Fes Bike \u00e8 gi\u00e0 stata personalizzata sulla base delle caratteristiche fisiche e delle necessit\u00e0 di Marco ed \u00e8 gi\u00e0 stata inserita nei cicli di terapia a cui il giovane tovese si sta sottoponendo. E proprio al termine di una di queste sessioni, Marco ha voluto registrare un brevissimo video, indirizzato ai tantissimi pietresi e non che hanno voluto aiutarlo con una donazione: \u201cRingrazio tutti quelli che hanno contribuito all&#8217;acquisto della Fes Bike. Un saluto. Ci vediamo presto\u201d.<\/p>\n<div class=\"single-img-content-container fullwidth-single shortcode standard\">\n    <div class=\"image_container\" style=\"text-align: center;\">\n        <picture class=\" lazyload\"><img loading=\"lazy\" class=\"lazy\" data-srcset=\"https:\/\/www.ivg.it\/photogallery_new\/images\/2019\/10\/generica-583485.jpg 1024w, https:\/\/www.ivg.it\/photogallery_new\/images\/2019\/10\/generica-583485.jpg 970w, https:\/\/www.ivg.it\/photogallery_new\/images\/2019\/10\/generica-583485.jpg 660w, https:\/\/www.ivg.it\/photogallery_new\/images\/2019\/10\/generica-583485.jpg 316w, https:\/\/www.ivg.it\/photogallery_new\/images\/2019\/10\/generica-583485.jpg 150w\"  data-src=\"https:\/\/www.ivg.it\/photogallery_new\/images\/2019\/10\/generica-583485.jpg\" alt=\"Villa Beretta Centino\" \/><\/picture>\r\n\n    <\/div>\n    <\/div>\n\n<p>Mamma Silvana, invece, dedica un pensiero ed un ringraziamento ai responsabili di Villa Beretta \u201cche ci ha dato la possibilit\u00e0 di portare qui la Fes Bike e provarla. Hanno fatto di tutto, adoperandosi oltre il dovuto, affinch\u00e9 Marco potesse usarla gi\u00e0 qui\u201d.<\/p>\n","protected":false},"excerpt":{"rendered":"<p>L&#8217;attrezzo, personalizzata sulla base delle caratteristiche fisiche e delle necessit\u00e0 di Marco, \u00e8 gi\u00e0 stato inserito nei cicli di terapia<\/p>\n","protected":false},"author":12120,"featured_media":0,"comment_status":"open","ping_status":"closed","sticky":false,"template":"","format":"standard","meta":{"footnotes":""},"categories":[45296,56,182,32],"tags":[107894],"class_list":["post-479456","post","type-post","status-publish","format-standard","hentry","category-copertina","category-altre","category-calcio","category-sport","tag-partita-del-cuore","post_cat_citta-tovo-san-giacomo","post_tag_personaggi-marco-centino"],"amp_validity":null,"amp_enabled":true,"_links":{"self":[{"href":"https:\/\/staging.ivg.it\/ediapi\/wp\/v2\/posts\/479456","targetHints":{"allow":["GET"]}}],"collection":[{"href":"https:\/\/staging.ivg.it\/ediapi\/wp\/v2\/posts"}],"about":[{"href":"https:\/\/staging.ivg.it\/ediapi\/wp\/v2\/types\/post"}],"author":[{"embeddable":true,"href":"https:\/\/staging.ivg.it\/ediapi\/wp\/v2\/users\/12120"}],"replies":[{"embeddable":true,"href":"https:\/\/staging.ivg.it\/ediapi\/wp\/v2\/comments?post=479456"}],"version-history":[{"count":0,"href":"https:\/\/staging.ivg.it\/ediapi\/wp\/v2\/posts\/479456\/revisions"}],"wp:attachment":[{"href":"https:\/\/staging.ivg.it\/ediapi\/wp\/v2\/media?parent=479456"}],"wp:term":[{"taxonomy":"category","embeddable":true,"href":"https:\/\/staging.ivg.it\/ediapi\/wp\/v2\/categories?post=479456"},{"taxonomy":"post_tag","embeddable":true,"href":"https:\/\/staging.ivg.it\/ediapi\/wp\/v2\/tags?post=479456"}],"curies":[{"name":"wp","href":"https:\/\/api.w.org\/{rel}","templated":true}]}}