{"id":478982,"date":"2019-10-10T14:26:39","date_gmt":"2019-10-10T12:26:39","guid":{"rendered":"http:\/\/www.ivg.it\/?p=478982"},"modified":"2019-10-10T14:26:39","modified_gmt":"2019-10-10T12:26:39","slug":"progetti-antincendio-boschivo-anci-liguria-sindaci-sempre-in-prima-linea-in-caso-di-emergenze","status":"publish","type":"post","link":"https:\/\/staging.ivg.it\/2019\/10\/progetti-antincendio-boschivo-anci-liguria-sindaci-sempre-in-prima-linea-in-caso-di-emergenze\/","title":{"rendered":"Progetti antincendio boschivo, ANCI Liguria: &#8220;Sindaci sempre in prima linea in caso di emergenze&#8221;"},"content":{"rendered":"<p><strong>Loano.\u00a0<\/strong>La Liguria all\u2019avanguardia nella prevenzione e nella lotta attiva agli incendi boschivi: \u00e8 quanto emerso dalla presentazione pubblica dei progetti transfrontalieri Med del programma europeo di cooperazione Interreg Marittimo, di cui regione e ANCI Liguria sono partner, avvenuta oggi a Loano, nel corso del primo della due giorni di meeting e comitati di pilotaggio.<\/p>\n<p>Molte le innovazioni contenute nei cinque progetti, Medstar (strategico), InterMed, Medcoopfire, Med Foreste e Med PSS, che coinvolgono la Liguria, la Toscana, la Sardegna, la Corsica e\u00a0 la Provence-Alpes-C\u00f4te d\u2019Azur, regioni accomunate dal problema degli incendi boschivi che, ogni anno, distruggono migliaia di ettari di superficie forestale e mettono in serio pericolo le aree abitate situate in prossimit\u00e0.<\/p>\n<p>Il territorio transfrontaliero marittimo \u00e8 una zona soggetta a notevole rischio di incendio boschivo: nel 2009 sono andati in fumo 20mila ettari di bosco e nel 2017 quasi 21mila, ma guardando negli stessi anni nella regione Liguria siamo passati da 2.600 nel 2009 a quasi il doppio nel 2017, annata nera, con 4.500 ettari di superficie percorsa da incendi. <div class=\"single-img-content-container fullwidth-single shortcode standard\">\n    <div class=\"image_container\" style=\"text-align: center;\">\n        <picture class=\" lazyload\"><img loading=\"lazy\" class=\"lazy\" data-srcset=\"https:\/\/www.ivg.it\/photogallery_new\/images\/2019\/10\/progetti-antincendio-boschivo-anci-liguria-sindaci-sempre-in-prima-linea-in-caso-di-emergenze-581958.jpg 1024w, https:\/\/www.ivg.it\/photogallery_new\/images\/2019\/10\/progetti-antincendio-boschivo-anci-liguria-sindaci-sempre-in-prima-linea-in-caso-di-emergenze-581958.jpg 970w, https:\/\/www.ivg.it\/photogallery_new\/images\/2019\/10\/progetti-antincendio-boschivo-anci-liguria-sindaci-sempre-in-prima-linea-in-caso-di-emergenze-581958.jpg 660w, https:\/\/www.ivg.it\/photogallery_new\/images\/2019\/10\/progetti-antincendio-boschivo-anci-liguria-sindaci-sempre-in-prima-linea-in-caso-di-emergenze-581958.jpg 316w, https:\/\/www.ivg.it\/photogallery_new\/images\/2019\/10\/progetti-antincendio-boschivo-anci-liguria-sindaci-sempre-in-prima-linea-in-caso-di-emergenze-581958.jpg 150w\"  data-src=\"https:\/\/www.ivg.it\/photogallery_new\/images\/2019\/10\/progetti-antincendio-boschivo-anci-liguria-sindaci-sempre-in-prima-linea-in-caso-di-emergenze-581958.jpg\" alt=\"Progetti antincendio boschivo, ANCI Liguria: &quot;Sindaci sempre in prima linea in caso di emergenze&quot;\" \/><\/picture>\r\n\n    <\/div>\n    <\/div>\n<\/p>\n<p>\u201cQuesti anni di lavoro congiunto ci porteranno ad avere, entro il 2022, 12 milioni di euro da spendere per fornire ai volontari dell\u2019antincendio, alla protezione civile, ai comuni, nuovi e innovativi automezzi\u00a0 e mezzi in grado di costruire colonne mobili compatibili e comunicanti tra le regioni diverse, oltre a nuove attrezzature come vasche mobili nelle zone di confine \u2013 <b>\u00a0afferma l\u2019assessore all\u2019Agricoltura di Regione Liguria con delega all\u2019antincendio boschivo Stefano Mai<\/b> \u2013 faremo una mappatura \u00a0delle sorgenti di acqua per renderle disponibili agli operatori, e anche della sentieristica regionale; aquisteremo telecamere terrestri e aeree, termocamere ad infrarossi per garantire la precisione delle azioni di spegnimento e bonifica degli incendi, effettueremo interventi di silvicoltura, realizzeremo attivit\u00e0 di formazione specialistica per consolidare ed aumentare le competenze degli operatori, come il corso per gli analisti di sala o specialisti nella tecnica della bonifica e controllo finale dell\u2019incendio boschivo. Lavoreremo sull\u2019implementazione delle piattaforme di gestione e, infine, lavoreremo molto sulla prevenzione per ridurre il combustibile vegetale e sulla comunicazione preventiva del rischio.\u00a0 In definitiva, si tratta di un progetto che cerca di toccare tutti gli aspetti dell\u2019antincendio, dalla prevenzione alla lotta attiva, per ottenere importanti e duraturi risultati sull\u2019intero territorio ligure\u201d conclude l\u2018assessore Mai.<\/p>\n<p>ANCI Liguria si \u00e8 occupata dell\u2019organizzazione dell\u2019evento: \u201cNonostante la presenza sempre eccellente dei vigili del fuoco e lo straordinario attivismo dei volontari dell\u2019antincendio liguri, i sindaci, essendo responsabili della salute pubblica dei propri cittadini, sempre in prima linea ad affrontare l\u2019emergenza e a tutelare l\u2019incolumit\u00e0 della popolazione, si sono trovati spesso in difficolt\u00e0 \u2013 afferma il <b>direttore generale di ANCI Liguria Pierluigi Vinai<\/b> \u2013 siamo convinti che questi progetti saranno uno strumento utili. In questo campo si \u00e8 verificato, e stiamo cercando di implementarlo, un rapporto di collaborazione tra i comuni che, quando l\u2019esigenza \u00e8 davvero sentita, non esitano a mettersi insieme e a collaborare creando nuclei congiunti di protezione civile e di volontari antincendio. Il fatto che 5 Regioni che fino a oggi hanno lavorato in maniera anche eccellente, ma ciascuna per s\u00e9, facciano lo sforzo di uniformare tecnologie e metodologie per un comune obiettivo che \u00e8 la lotta agli incendi, \u00e8 un\u2019azione di grande valore e soprattutto di grande innovazione\u201d.<\/p>\n<p>Domani si terranno gli incontri tecnici, dove verranno definiti i programmi di lavoro per i prossimi mesi.<\/p>\n","protected":false},"excerpt":{"rendered":"<p>A margine del meeting loanese, arriva il commento del direttore generale di ANCI Liguria Pierluigi Vinai <\/p>\n","protected":false},"author":17962,"featured_media":0,"comment_status":"open","ping_status":"closed","sticky":false,"template":"","format":"standard","meta":{"footnotes":""},"categories":[45296,56],"tags":[11366,5924,223,7140],"class_list":["post-478982","post","type-post","status-publish","format-standard","hentry","category-copertina","category-altre","tag-anci-liguria","tag-antincendio-boschivo","tag-regione-liguria","tag-stefano-mai","post_cat_citta-loano"],"amp_validity":null,"amp_enabled":true,"_links":{"self":[{"href":"https:\/\/staging.ivg.it\/ediapi\/wp\/v2\/posts\/478982","targetHints":{"allow":["GET"]}}],"collection":[{"href":"https:\/\/staging.ivg.it\/ediapi\/wp\/v2\/posts"}],"about":[{"href":"https:\/\/staging.ivg.it\/ediapi\/wp\/v2\/types\/post"}],"author":[{"embeddable":true,"href":"https:\/\/staging.ivg.it\/ediapi\/wp\/v2\/users\/17962"}],"replies":[{"embeddable":true,"href":"https:\/\/staging.ivg.it\/ediapi\/wp\/v2\/comments?post=478982"}],"version-history":[{"count":0,"href":"https:\/\/staging.ivg.it\/ediapi\/wp\/v2\/posts\/478982\/revisions"}],"wp:attachment":[{"href":"https:\/\/staging.ivg.it\/ediapi\/wp\/v2\/media?parent=478982"}],"wp:term":[{"taxonomy":"category","embeddable":true,"href":"https:\/\/staging.ivg.it\/ediapi\/wp\/v2\/categories?post=478982"},{"taxonomy":"post_tag","embeddable":true,"href":"https:\/\/staging.ivg.it\/ediapi\/wp\/v2\/tags?post=478982"}],"curies":[{"name":"wp","href":"https:\/\/api.w.org\/{rel}","templated":true}]}}