{"id":478981,"date":"2019-10-10T14:17:19","date_gmt":"2019-10-10T12:17:19","guid":{"rendered":"http:\/\/www.ivg.it\/?p=478981"},"modified":"2019-10-10T18:35:43","modified_gmt":"2019-10-10T16:35:43","slug":"coppa-liguria-di-prima-categoria-i-gironi-della-seconda-fase","status":"publish","type":"post","link":"https:\/\/staging.ivg.it\/2019\/10\/coppa-liguria-di-prima-categoria-i-gironi-della-seconda-fase\/","title":{"rendered":"Coppa Liguria di Prima Categoria: i gironi della seconda fase"},"content":{"rendered":"<p><strong>Quiliano.<\/strong>\u00a0Si \u00e8 completato l&#8217;elenco delle<strong> tredici squadre qualificate alla seconda fase della Coppa Liguria di Prima Categoria.<\/strong><\/p>\n<p>Vediamo risultati e classifiche finali dei gironi che si sono conclusi nello scorso fine settimana.<\/p>\n<p><strong>Girone B<\/strong><br \/>\nOlimpia Carcarese &#8211; Millesimo 0-1<br \/>\nAurora Calcio &#8211; Quiliano&amp;Valleggia 1-1<br \/>\nSperanza &#8211; Letimbro 0-1<br \/>\n<strong>Classifica finale: 1\u00b0 Quiliano&amp;Valleggia 12,<\/strong> 2\u00b0 Millesimo 11, 3\u00b0 Altarese 9, 4\u00b0 Letimbro 8, 5\u00b0 Olimpia Carcarese 6, 6\u00b0 Aurora Calcio 5, 7\u00b0 Speranza 3<\/p>\n<p><strong>Girone N<\/strong><br \/>\nIntercomunale Beverino &#8211; Caperanese 1-2<br \/>\nRicc\u00f2 Le Rondini &#8211; Casarza Ligure 1-1<br \/>\n<strong>Classifica finale:<\/strong> <strong>1\u00b0 Caperanese 15,<\/strong> 2\u00b0 Casarza Ligure 11, 3\u00b0 Intercomunale Beverino 4, 4\u00b0 Ricc\u00f2 Le Rondini 4<\/p>\n<p><strong>Girone O<\/strong><br \/>\nFollo San Martino &#8211; San Lazzaro Lunense 4-2<br \/>\n<strong>Classifica finale:<\/strong> <strong>1\u00b0 Marolacquasanta 11<\/strong>, 2\u00b0\u00a0Tarros Sarzanese 10, 3\u00b0 Follo San Martino 9, 4\u00b0 San Lazzaro Lunense 7, 5\u00b0 Pegazzano 3, 6\u00b0 Arcola Garibaldina 0<\/p>\n<p>Il <strong>secondo turno<\/strong> si articoler\u00e0 su tre gironi triangolari ed un girone quadrangolare, con gare di sola andata, ed \u00e8 definito come di seguito:<br \/>\n<strong>Girone 1:<\/strong> Pontelungo, Quiliano&amp;Valleggia, Citt\u00e0 di Cogoleto<br \/>\n<strong>Girone 2:<\/strong> Multedo, Borzoli, San Cipriano<br \/>\n<strong>Girone 3:<\/strong> Cella, Superba, Bargagli San Siro, San Desiderio<br \/>\n<strong>Girone 4:<\/strong> Cogornese, Caperanese, Marolacquasanta<\/p>\n<p>L\u2019ordine di svolgimento dei triangolari ed il calendario del quadrangolare verr\u00e0 sorteggiato domani alle ore 15.<\/p>\n<p>Date di svolgimento: <strong>mercoled\u00ec 23 ottobre, mercoled\u00ec 6 novembre, mercoled\u00ec 20 novembre<\/strong><\/p>\n","protected":false},"excerpt":{"rendered":"<p>Il raggruppamento del ponente \u00e8 composto da Pontelungo, Quiliano&#038;Valleggia e Citt\u00e0 di Cogoleto<\/p>\n","protected":false},"author":18,"featured_media":0,"comment_status":"open","ping_status":"closed","sticky":false,"template":"","format":"standard","meta":{"footnotes":""},"categories":[45296,182,32],"tags":[85989,103411],"class_list":["post-478981","post","type-post","status-publish","format-standard","hentry","category-copertina","category-calcio","category-sport","tag-calcio","tag-coppa-liguria-di-prima-categoria","post_cat_citta-albenga","post_cat_citta-quiliano"],"amp_validity":null,"amp_enabled":true,"_links":{"self":[{"href":"https:\/\/staging.ivg.it\/ediapi\/wp\/v2\/posts\/478981","targetHints":{"allow":["GET"]}}],"collection":[{"href":"https:\/\/staging.ivg.it\/ediapi\/wp\/v2\/posts"}],"about":[{"href":"https:\/\/staging.ivg.it\/ediapi\/wp\/v2\/types\/post"}],"author":[{"embeddable":true,"href":"https:\/\/staging.ivg.it\/ediapi\/wp\/v2\/users\/18"}],"replies":[{"embeddable":true,"href":"https:\/\/staging.ivg.it\/ediapi\/wp\/v2\/comments?post=478981"}],"version-history":[{"count":0,"href":"https:\/\/staging.ivg.it\/ediapi\/wp\/v2\/posts\/478981\/revisions"}],"wp:attachment":[{"href":"https:\/\/staging.ivg.it\/ediapi\/wp\/v2\/media?parent=478981"}],"wp:term":[{"taxonomy":"category","embeddable":true,"href":"https:\/\/staging.ivg.it\/ediapi\/wp\/v2\/categories?post=478981"},{"taxonomy":"post_tag","embeddable":true,"href":"https:\/\/staging.ivg.it\/ediapi\/wp\/v2\/tags?post=478981"}],"curies":[{"name":"wp","href":"https:\/\/api.w.org\/{rel}","templated":true}]}}