{"id":478890,"date":"2019-10-09T12:55:53","date_gmt":"2019-10-09T10:55:53","guid":{"rendered":"http:\/\/www.ivg.it\/?p=478890"},"modified":"2019-10-09T16:05:50","modified_gmt":"2019-10-09T14:05:50","slug":"piattaforma-la-promessa-di-toti-viabilita-da-realizzare-subito-se-necessario-cantieri-no-stop","status":"publish","type":"post","link":"https:\/\/staging.ivg.it\/2019\/10\/piattaforma-la-promessa-di-toti-viabilita-da-realizzare-subito-se-necessario-cantieri-no-stop\/","title":{"rendered":"Piattaforma, la promessa di Toti: \u201cViabilit\u00e0 da realizzare subito. Se necessario cantieri no stop&#8221;"},"content":{"rendered":"<p><strong>Vado Ligure.<\/strong> Questa mattina, il <strong>presidente della Regione Liguria Giovanni Toti<\/strong> insieme all\u2019<strong>assessore regionale allo Sviluppo economico e ai Porti Andrea Benveduti<\/strong>, in visita a Vado Ligure.<\/p>\n<p>Hanno incontrato il sindaco Monica Giuliano, il presidente della Provincia di Savona Pierangelo Olivieri, il Prefetto Antonio Canan\u00e0 e il presidente dell\u2019Autorit\u00e0 di Sistema Portuale del Mar Ligure Occidentale Paolo Emilio Signorini <strong>per fare il punto sulle opere di viabilit\u00e0 connesse allo scalo portuale savonese<\/strong>.<\/p>\n<p>&#8220;Abbiamo fatto il punto con sindaco e presidente dell&#8217;Autorit\u00e0 di Sistema Portuale in vista dell&#8217;apertura a dicembre della piattaforma di Vado, &#8211; ha esordito Toti. &#8211; Insisto con il dire che si tratta di un&#8217;apertura strategica non solo per Vado Ligure e Savona, ma per l&#8217;intera Regione. Oggi abbiamo istituito una cabina di regia, a cui partecipiamo direttamente insieme al Comune e all&#8217;Autorit\u00e0 Portuale per monitorare costantemente l&#8217;andamento degli interventi e garantire che i tempi siano rispettati&#8221;.<\/p>\n<p><em><strong>Ecco la diretta di IVG.it al termine dell&#8217;incontro:<\/strong><\/em><\/p>\n<p><iframe loading=\"lazy\" style=\"border: none; overflow: hidden;\" src=\"https:\/\/www.facebook.com\/plugins\/video.php?href=https%3A%2F%2Fwww.facebook.com%2FIVG.it%2Fvideos%2F514108119151964%2F&amp;show_text=0&amp;width=560\" width=\"560\" height=\"315\" frameborder=\"0\" scrolling=\"no\" allowfullscreen=\"allowfullscreen\"><\/iframe><br \/>\n&#8220;Aumenta l&#8217;efficenza e la capacit\u00e0 del sistema portuale della Liguria, che \u00e8 in crescita, come dimostra anche l&#8217;effervescenza imprenditoriale attorno all&#8217;area di Vado. Si tratta di un&#8217;operazione virtuosa che porter\u00e0 ricchezza e occupazione. Questo non deve, per\u00f2, sviare dalle problematiche che ci sono: ad esempio l&#8217;aumento di traffico ferroviario e su gomma. All&#8217;apertura a dicembre e all&#8217;avvio delle attivit\u00e0 a febbraio seguir\u00e0 un percorso graduale di crescita: abbiamo uno spazio di circa 24-36 mesi per raggiungere la definitiva operativit\u00e0 del terminal: all&#8217;apertura della piattaforma a dicembre e all&#8217;entrata in operativit\u00e0 prevista a febbraio seguir\u00e0 un percorso graduale di crescita e incremento dei traffici, dato che non sono ancora terminate neppure le opere a mare. Questo \u00e8 lo spazio temporale che ci siamo dati per definire, nelle prossime due o tre settimane, tutti gli atti amministrativi necessari e cominciare i lavori prioritari, dalla messa in sicurezza dei due rivi che insistono sull&#8217;area alla costruzione della viabilit\u00e0 alternativa a quella urbana, alla costruzione immediata del bypass per i varchi doganali, fino alla gara d&#8217;appalto e dunque all&#8217;apertura del cantiere per la via di scorrimento veloce. Questi interventi devono essere definiti entro il giorno di apertura del terminal e vanno realizzati secondo la tempistica gi\u00e0 stabilita\u201d.<\/p>\n<p>&#8220;\u00c8 lo spazio che ci siamo dati per definire, nelle prossime settimane, tutto quello che riguarda la messa in sicurezza dei due rivi che insistono sul&#8217;area, la costruzione della viabilit\u00e0 alternativa a quella urbana definitiva, la costruzione immediata del bypass per i varchi doganali, la gara d&#8217;appalto e l&#8217;apertura del cantiere per la via di scorrimento veloce.\u00a0Queste sono le priorit\u00e0 che devono essere definite entro l&#8217;apertura del terminal, nella tempistica esatta che gi\u00e0 abbiamo gi\u00e0 sul tavolo e soprattutto devono essere garantite al Comune e alla provincia di Savona, con tempi brevissimi e non derogabili, con cantieri che, se necessario, lavorino anche 7 giorni su 7, 24 ore su 24, fino alla conclusione. Questo \u00e8 il quadro che abbiamo condiviso con il sindaco e con il presidente Signorini&#8221;.<\/p>\n<p>&#8220;Nelle prossime ore si definiranno le carte scritte della nuova convenzione urbanistica del Comune e, nel frattempo, l&#8217;autorit\u00e0 portuale prender\u00e0 tutti gli impegni. Abbiamo anche istituito una cabina di regia, che vede coinvolta direttamente la Regione, per monitorare che venga tutto rispettato. Ci rivedremo il 19 novembre, quando mi auguro saranno aperte tutte le conferenze dei servizi. La piattaforma \u00e8 un&#8217;opera strategica non solo per Vado e Savona ma per l&#8217;intera regione perch\u00e9 aumenta l&#8217;efficienza e la capacit\u00e0 del sistema portuale della Liguria, che \u00e8 in crescita, ed \u00e8 un&#8217;operazione virtuosa che porter\u00e0 ricchezza e occupazione a tutto il territorio, come dimostra l&#8217;effervescenza imprenditoriale attorno a quest&#8217;area, dalla riqualificazione di Tirreno Power alle aree acquistate da vari gruppi&#8221;, ha concluso Toti. <\/p>\n<p>Soddisfatto anche<strong> l&#8217;assessore allo sviluppo economico e ai porti, Andrea Benveduti<\/strong>: &#8220;\u00c8 stata una riunione molto positiva in cui abbiamo toccato con mano la complessit\u00e0 di una progettazione che ha gi\u00e0 un cronoprogramma definito e riguarda diversi scenari tra opere a mare, strade e viabilit\u00e0 accessoria, messa in sicurezza di alcuni rivi. Per questo la cabina di regia sar\u00e0 fondamentale per mettere insieme tutti gli attori coinvolti e dare una cadenza pi\u00f9 stringente a tutte le progettualit\u00e0, a garanzia della realizzazione dei progetti gi\u00e0 stabiliti nel pi\u00f9 breve tempo possibile&#8221;.<\/p>\n<p>Questo il commento, a margine dell&#8217;incontro del <strong>primo cittadino di Vado, Giuliano<\/strong>: \u201cCi sono delle date. L&#8217;obiettivo di Vado \u00e8 quello di coordinare un&#8217;iniziativa forte: non si parla di un procedimento ordinario, ma straordinario. Abbiamo bisogno che tutto l\u2019insieme delle infrastrutture, gi\u00e0 decise ed approvate, procedano in modo decisamente piu celere di quanto \u00e8 stato fino a qualche tempo fa. Risposta \u00e8 stata un &#8216;s\u00ec&#8217;, ma non generico: da domani sar\u00e0 attivata la cabina di regia che monitorer\u00e0 costantemente le opere. Abbiamo la possibilit\u00e0 di fare rinascere l\u2019intera provincia con il lavoro di tutti, cos\u00ec come \u00e8 stato fatto oggi. Possiamo davvero rilanciare un\u2019economia importante. Sono soddisfatta dall\u2019esito dell\u2019incontro: la tavola delle infrastrutture del nostro territorio \u00e8 pronta&#8221;.<\/p>\n<p>Infine, l&#8217;intervento del <strong>presidente dell&#8217;Autorit\u00e0 di Sistema Portuale del Mar Ligure Occidentale, Signorini<\/strong>: &#8220;Lo spirito dell\u2019accordo \u00e8 di realizzare opere a terra in tema di accessibilit\u00e0, messa in sicurezza idaraulica, etc idonee per attenuare l&#8217;impatto sulla popolazione. Ritardi ce ne sono stati, anche in parte dovuti alla complessit\u00e0 del territorio. Il grido di allarme del Comune \u00e8 stato comunque raccolto da Regione Liguria e oggi abbiamo definito un nuovo set di cronoprogrammi, che porteremo alla cabina di regia per ufficializzarli in sede regionale&#8221;.<\/p>\n<p>&#8220;\u00c8 importante riuscire a spiegare alla popolazione che i vari interventi dell\u2019accordo stanno prendendo avvio: questo \u00e8 un primo step che dar\u00e0 alla popolazione fiducia sufficiente verso la realizzazione dell\u2019accordo nella sua interezza. Il 12 c\u2019\u00e8 l\u2019avvio della piattaforma, che avverr\u00e0 in maniera graduale: quando i volumi della piattaforma inizieranno ad essere significativi, avremo la viabilit\u00e0 e la strada di scorrimento veloce risistemate; poi una &#8216;fase 2&#8217; ci sar\u00e0 quando la piattaforma raggiunger\u00e0 volumi ancora pi\u00f9 sensibili e l\u00ec dovremmo avere anche alcune aree polmone e il casello&#8221;, ha concluso.<\/p>\n","protected":false},"excerpt":{"rendered":"<p>Oggi vertice tra le istituzioni per fare il punto sulle infrastrutture legate alla piattaforma. Via al tavolo di regia<\/p>\n","protected":false},"author":18599,"featured_media":0,"comment_status":"open","ping_status":"closed","sticky":false,"template":"","format":"standard","meta":{"footnotes":""},"categories":[45296,35,31],"tags":[3615,14329,1911,213,295,107783],"class_list":["post-478890","post","type-post","status-publish","format-standard","hentry","category-copertina","category-economia","category-politica","tag-apm-terminals","tag-comune-vado","tag-piattaforma-maersk","tag-porto-vado","tag-regione","tag-vado-gateway","post_cat_citta-vado-ligure","post_tag_personaggi-andrea-benveduti","post_tag_personaggi-giovanni-toti","post_tag_personaggi-monica-giuilano","post_tag_personaggi-paolo-emilio-signorini"],"amp_validity":null,"amp_enabled":true,"_links":{"self":[{"href":"https:\/\/staging.ivg.it\/ediapi\/wp\/v2\/posts\/478890","targetHints":{"allow":["GET"]}}],"collection":[{"href":"https:\/\/staging.ivg.it\/ediapi\/wp\/v2\/posts"}],"about":[{"href":"https:\/\/staging.ivg.it\/ediapi\/wp\/v2\/types\/post"}],"author":[{"embeddable":true,"href":"https:\/\/staging.ivg.it\/ediapi\/wp\/v2\/users\/18599"}],"replies":[{"embeddable":true,"href":"https:\/\/staging.ivg.it\/ediapi\/wp\/v2\/comments?post=478890"}],"version-history":[{"count":0,"href":"https:\/\/staging.ivg.it\/ediapi\/wp\/v2\/posts\/478890\/revisions"}],"wp:attachment":[{"href":"https:\/\/staging.ivg.it\/ediapi\/wp\/v2\/media?parent=478890"}],"wp:term":[{"taxonomy":"category","embeddable":true,"href":"https:\/\/staging.ivg.it\/ediapi\/wp\/v2\/categories?post=478890"},{"taxonomy":"post_tag","embeddable":true,"href":"https:\/\/staging.ivg.it\/ediapi\/wp\/v2\/tags?post=478890"}],"curies":[{"name":"wp","href":"https:\/\/api.w.org\/{rel}","templated":true}]}}