{"id":478706,"date":"2019-10-07T09:08:37","date_gmt":"2019-10-07T07:08:37","guid":{"rendered":"http:\/\/www.ivg.it\/?p=478706"},"modified":"2019-10-07T09:11:06","modified_gmt":"2019-10-07T07:11:06","slug":"bragno-giovane-astore-in-difficolta-soccorso-dai-volontari-della-protezione-animali","status":"publish","type":"post","link":"https:\/\/staging.ivg.it\/2019\/10\/bragno-giovane-astore-in-difficolta-soccorso-dai-volontari-della-protezione-animali\/","title":{"rendered":"Bragno, giovane astore in difficolt\u00e0: soccorso dai volontari della protezione animali"},"content":{"rendered":"<p><strong>Bragno.\u00a0<\/strong>Un giovane astore in difficolt\u00e0 (raro uccello rapace) \u00e8 stato soccorso dai volontari della Protezione Animali savonese \u00a0a Bragno, frazione di Cairo Montenotte; le sue condizioni sono buone ed i primi controlli veterinari confermano che non ha lesioni o ferite e, appena terminato il periodo di osservazione, ne verr\u00e0 decisa la liberazione in un&#8217;area protetta.<\/p>\n<p>&#8220;Da inizio anno sono quasi duemila i soggetti di fauna selvatica in difficolt\u00e0 recuperati dai volontari dell&#8217;Enpa e tra essi alcune centinaia di soggetti appartenenti a specie rare o in preoccupante diminuzione &#8211; spiegano dall&#8217;ente &#8211; ma in grosse difficolt\u00e0 \u00e8 anche l&#8217;associazione, che \u00e8 una onlus privata non governativa, che riceve dalla regione Liguria solo un contributo economico che non copre neppure la met\u00e0 delle spese vive sostenute&#8221;.<\/p>\n<p>Enpa chiede alla giunta regionale Toti &#8220;di smetterla di considerare la fauna selvatica &#8220;solo come giocattolo esclusivo dei cacciatori; centinaia di migliaia di liguri ed anche di turisti che frequentano la nostra regione, sono interessati alle sorti degli animali selvatici e si aspettano che l&#8217;ente pubblico che ne ha la competenza, cio\u00e8 la regione Liguria, garantisca urgentemente un servizio di recupero e di cura, utilizzando e finanziando adeguatamente anche le capacit\u00e0 e l&#8217;esperienza di associazioni storiche come Enpa, che gestisce da anni un centro di recupero della fauna selvatica (CRAS) a Campomorone (GE) e due strutture di ricovero e cura nel savonese (Savona ed Albenga)&#8221;.<\/p>\n","protected":false},"excerpt":{"rendered":"<p>L&#8217;animale si trova ora in buone condizioni <\/p>\n","protected":false},"author":17962,"featured_media":0,"comment_status":"open","ping_status":"closed","sticky":false,"template":"","format":"standard","meta":{"footnotes":""},"categories":[45296,56,57713],"tags":[109915,436,1105,3061],"class_list":["post-478706","post","type-post","status-publish","format-standard","hentry","category-copertina","category-altre","category-animali","tag-astore","tag-enpa","tag-protezione-animali","tag-soccorsi","post_cat_citta-cairo-montenotte"],"amp_validity":null,"amp_enabled":true,"_links":{"self":[{"href":"https:\/\/staging.ivg.it\/ediapi\/wp\/v2\/posts\/478706","targetHints":{"allow":["GET"]}}],"collection":[{"href":"https:\/\/staging.ivg.it\/ediapi\/wp\/v2\/posts"}],"about":[{"href":"https:\/\/staging.ivg.it\/ediapi\/wp\/v2\/types\/post"}],"author":[{"embeddable":true,"href":"https:\/\/staging.ivg.it\/ediapi\/wp\/v2\/users\/17962"}],"replies":[{"embeddable":true,"href":"https:\/\/staging.ivg.it\/ediapi\/wp\/v2\/comments?post=478706"}],"version-history":[{"count":0,"href":"https:\/\/staging.ivg.it\/ediapi\/wp\/v2\/posts\/478706\/revisions"}],"wp:attachment":[{"href":"https:\/\/staging.ivg.it\/ediapi\/wp\/v2\/media?parent=478706"}],"wp:term":[{"taxonomy":"category","embeddable":true,"href":"https:\/\/staging.ivg.it\/ediapi\/wp\/v2\/categories?post=478706"},{"taxonomy":"post_tag","embeddable":true,"href":"https:\/\/staging.ivg.it\/ediapi\/wp\/v2\/tags?post=478706"}],"curies":[{"name":"wp","href":"https:\/\/api.w.org\/{rel}","templated":true}]}}