{"id":478662,"date":"2019-10-06T17:50:01","date_gmt":"2019-10-06T15:50:01","guid":{"rendered":"http:\/\/www.ivg.it\/?p=478662"},"modified":"2019-10-06T17:50:01","modified_gmt":"2019-10-06T15:50:01","slug":"il-sindaco-di-pietra-incontra-i-ragazzi-che-danneggiarono-le-panchine-a-luglio-scuse-di-oggi-superiori-al-danno","status":"publish","type":"post","link":"https:\/\/staging.ivg.it\/2019\/10\/il-sindaco-di-pietra-incontra-i-ragazzi-che-danneggiarono-le-panchine-a-luglio-scuse-di-oggi-superiori-al-danno\/","title":{"rendered":"Il sindaco di Pietra incontra i ragazzi che danneggiarono le panchine a luglio: &#8220;Scuse di oggi superiori al danno&#8221;"},"content":{"rendered":"<p><strong>Pietra Ligure.<\/strong> &#8220;Ieri mattina, insieme al vicesindaco Rembado, agli assessori Pastorino e Vaianella e alla presidente del consiglio Vignone, abbiamo incontrato i cinque ragazzi, tutti amici trentenni originari di un piccolo paese del comasco, che nella notte fra il 20 e 21 luglio scorso danneggiarono quattro panchine nel centro storico di Pietra Ligure&#8221;. Lo rivela il sindaco di Pietra Ligure, Luigi De Vincenzi.<\/p>\n<p>&#8220;Pi\u00f9 che volentieri &#8211; prosegue &#8211; abbiamo dato seguito al loro esplicito desiderio di potersi scusare non solo con una lettera, peraltro arrivata pochi giorni dopo quel deplorevole fatto ed esaustiva anche nell\u2019esprimere la volont\u00e0 di risarcire il danno causato, cosa che faranno nei prossimi giorni, ma &#8216;mettendoci la faccia&#8217;, con un gesto semplice, coraggioso e onesto che &#8216;riqualifica&#8217; quell\u2019insensata condotta di poco pi\u00f9 di due mesi fa&#8221;.<\/p>\n<p>\u201cA nome di tutti i cittadini di Pietra Ligure &#8211; dice il sindaco \u2013 accettiamo queste scuse che giungono gradite e che portano con s\u00e9 lo stupore di un gesto inaspettato e gratuito. Tanto &#8216;gratuito&#8217;, in senso negativo, senza ragione, inutile e sterile era stato il loro comportamento a fine luglio, quanto &#8216;gratuito&#8217; in senso splendidamente positivo \u00e8 questo gesto di oggi: pieno di ragioni, utile e fertile&#8221;.<\/p>\n<p>&#8220;Quello che hanno fatto allora \u00e8 grave \u2013 continua il sindaco \u2013 ma la scelta di ammettere errore e responsabilit\u00e0 e di riconoscere consapevolmente il danno provocato, \u00e8 un atto pieno di maturit\u00e0, superiore al quel danno. Le quattro panchine danneggiate il giorno dopo erano di nuovo al loro posto, ma non neghiamo il senso di indignazione, amarezza e tristezza che ha pervaso tutti noi, cittadini pietresi e non, a vedere &#8216;sfregiata&#8217; piazza San Nicol\u00f2, per noi &#8216;luogo&#8217; per eccellenza delle nostre tradizioni, della nostra storia, della nostra identit\u00e0 e, indiscutibilmente, luogo di &#8216;bellezza&#8217;, ma le scuse di oggi &#8216;ripianano&#8217; quell\u2019offesa e siamo pi\u00f9 che felici di condividerle con tutti i nostri concittadini&#8221;.<\/p>\n<p>&#8220;Desideriamo ringraziare questi cinque ragazzi, sinceramente amici tra di loro e da oggi anche amici di Pietra Ligure, per averci testimoniato di un rapporto &#8216;umano&#8217; tra ente pubblico e persone e tra persone e persone e, ancora, di un modo sano di concepire il bene pubblico come bene di &#8216;tutti&#8217; e non &#8216;di nessuno&#8217;. Oggi \u00e8 stata proprio una bella giornata: un gesto sconsiderato \u00e8 diventato una bella occasione\u201d, conclude De Vincenzi.<\/p>\n","protected":false},"excerpt":{"rendered":"<p>&#8220;La scelta di ammettere quell&#8217;errore e riconoscere il danno \u00e8 un gesto semplice e onesto che &#8216;riqualifica&#8217; l&#8217;insensata condotta di due mesi fa&#8221;<\/p>\n","protected":false},"author":10593,"featured_media":0,"comment_status":"open","ping_status":"closed","sticky":false,"template":"","format":"standard","meta":{"footnotes":""},"categories":[56],"tags":[],"class_list":["post-478662","post","type-post","status-publish","format-standard","hentry","category-altre","post_cat_citta-pietra-ligure","post_tag_personaggi-luigi-de-vincenzi"],"amp_validity":null,"amp_enabled":true,"_links":{"self":[{"href":"https:\/\/staging.ivg.it\/ediapi\/wp\/v2\/posts\/478662","targetHints":{"allow":["GET"]}}],"collection":[{"href":"https:\/\/staging.ivg.it\/ediapi\/wp\/v2\/posts"}],"about":[{"href":"https:\/\/staging.ivg.it\/ediapi\/wp\/v2\/types\/post"}],"author":[{"embeddable":true,"href":"https:\/\/staging.ivg.it\/ediapi\/wp\/v2\/users\/10593"}],"replies":[{"embeddable":true,"href":"https:\/\/staging.ivg.it\/ediapi\/wp\/v2\/comments?post=478662"}],"version-history":[{"count":0,"href":"https:\/\/staging.ivg.it\/ediapi\/wp\/v2\/posts\/478662\/revisions"}],"wp:attachment":[{"href":"https:\/\/staging.ivg.it\/ediapi\/wp\/v2\/media?parent=478662"}],"wp:term":[{"taxonomy":"category","embeddable":true,"href":"https:\/\/staging.ivg.it\/ediapi\/wp\/v2\/categories?post=478662"},{"taxonomy":"post_tag","embeddable":true,"href":"https:\/\/staging.ivg.it\/ediapi\/wp\/v2\/tags?post=478662"}],"curies":[{"name":"wp","href":"https:\/\/api.w.org\/{rel}","templated":true}]}}