{"id":478661,"date":"2019-10-06T17:37:39","date_gmt":"2019-10-06T15:37:39","guid":{"rendered":"http:\/\/www.ivg.it\/?p=478661"},"modified":"2019-10-06T17:37:39","modified_gmt":"2019-10-06T15:37:39","slug":"patto-per-varazze-punge-bozzano-niente-piano-urbanistico-ne-del-traffico-ma-si-pensa-allautovelox","status":"publish","type":"post","link":"https:\/\/staging.ivg.it\/2019\/10\/patto-per-varazze-punge-bozzano-niente-piano-urbanistico-ne-del-traffico-ma-si-pensa-allautovelox\/","title":{"rendered":"&#8220;Patto per Varazze&#8221; punge Bozzano: &#8220;Niente piano urbanistico n\u00e8 del traffico, ma si pensa all&#8217;autovelox&#8221;"},"content":{"rendered":"<p><strong>Varazze.<\/strong> &#8220;Sono passati 4 mesi dalle elezioni, un terzo di anno. Nel prossimo consiglio comunale di lunedi si discuter\u00e0 del bilancio e di altre cose che rientrano in una normale gestione amministrativa del Comune. Ma che ne \u00e8 delle dichiarazioni elettorali di una pianificazione che dia, nel medio periodo, risposte e speranze alle istanze dei cittadini e degli operatori economici?&#8221;. Se lo chiede il gruppo &#8220;Patto per Varazze&#8221;, che alle scorse amministrative proponeva Enrico Caprioglio come candidato sindaco.<\/p>\n<p>&#8220;Piazza Dante \u00e8 stata finalmente inaugurata con un ritardo di un anno sulle previsioni &#8211; scrivono &#8211; Se per un&#8217;opera del valore di un milione di euro circa si \u00e8 accumulato un anno di ritardo, per opere di 6 milioni di euro quanti anni ci vorranno a vederle terminate? Sono veramente strategiche queste opere per futuro della comunit\u00e0? Le risposte potrebbero essere date dal varo del Piano Urbanistico Comunale (non pervenuto in questo primo quadrimestre) o da un Piano Urbano del Traffico (di cui non ne abbiamo visto evidenza alcuna)&#8221;.<\/p>\n<p>&#8220;Si dir\u00e0 che ci sono delle emergenze maggiori da affrontare &#8211; proseguono &#8211; come i conti pubblici alla luce della prossima chiusura della discarica tanto auspicata da tutti i candidati e quindi da tutti i cittadini. Ed allora si pensa anche di fare cassa con un autovelox sulla Aurelia bis. Bene, condividiamo: \u00e8 fondamentale, non solo per la cassa ma per la sicurezza. Peccato che la strada non sia comunale quindi l\u2019autovelox non \u00e8 ancora in funzione. Ma queste strade statali che attraversano il nostro Comune possiamo pensare di farle nostre? Lo avevamo detto e ribadito: prima di pensare a grandi opere cerchiamo di far funzionare quello che abbiamo. Tante altre viabilit\u00e0 non sono nostre e quindi questo giustifica che, purtroppo, la strada per Casanova, nel tratto prima di Borgo San Pietro, nella zona dei &#8216;rifugi&#8217; sia ancora da completare e per giunta priva di protezione a valle. La strada non \u00e8 comunale ma le persone che l\u2019attraversano sono concittadini! Anche la strada del Pero \u00e8 una provinciale, un ponte attraversa la frazione in centro della stessa e questo \u00e8 privo di marciapiedi. La strada \u00e8 provinciale ma chi attraversa il ponte sono concittadini&#8221;.<\/p>\n<p><iframe loading=\"lazy\" src=\"https:\/\/www.facebook.com\/plugins\/post.php?href=https%3A%2F%2Fwww.facebook.com%2FPattoperVarazze%2Fposts%2F2571896859534903&#038;width=500\" width=\"500\" height=\"287\" style=\"border:none;overflow:hidden\" scrolling=\"no\" frameborder=\"0\" allowTransparency=\"true\" allow=\"encrypted-media\"><\/iframe><\/p>\n<p>&#8220;Ieri era una triste ricorrenza &#8211; ricordano &#8211; quella della alluvione del 2010 e stiamo andando verso la stagione peggiore per le piogge. La pulizia degli arbusti nell\u2019alveo \u00e8 stata fatta ma \u00e8 una prevenzione sufficiente? Il letto del fiume all\u2019altezza del Parasio pare essersi alzato per i depositi ghiaiosi c\u2019\u00e8 un adeguato piano di verifica in tal senso? Vorremmo partecipare costruttivamente a discussioni di tali argomenti invece che annichilirsi su incontri per modifiche statutarie che forse sono utili ma non indispensabili&#8221;.<\/p>\n","protected":false},"excerpt":{"rendered":"<p>Velox che per\u00f2 &#8220;non \u00e8 ancora in funzione perch\u00e8 la strada non \u00e8 comunale&#8221;<\/p>\n","protected":false},"author":10593,"featured_media":0,"comment_status":"open","ping_status":"closed","sticky":false,"template":"","format":"standard","meta":{"footnotes":""},"categories":[31],"tags":[104918],"class_list":["post-478661","post","type-post","status-publish","format-standard","hentry","category-politica","tag-patto-per-varazze","post_cat_citta-varazze"],"amp_validity":null,"amp_enabled":true,"_links":{"self":[{"href":"https:\/\/staging.ivg.it\/ediapi\/wp\/v2\/posts\/478661","targetHints":{"allow":["GET"]}}],"collection":[{"href":"https:\/\/staging.ivg.it\/ediapi\/wp\/v2\/posts"}],"about":[{"href":"https:\/\/staging.ivg.it\/ediapi\/wp\/v2\/types\/post"}],"author":[{"embeddable":true,"href":"https:\/\/staging.ivg.it\/ediapi\/wp\/v2\/users\/10593"}],"replies":[{"embeddable":true,"href":"https:\/\/staging.ivg.it\/ediapi\/wp\/v2\/comments?post=478661"}],"version-history":[{"count":0,"href":"https:\/\/staging.ivg.it\/ediapi\/wp\/v2\/posts\/478661\/revisions"}],"wp:attachment":[{"href":"https:\/\/staging.ivg.it\/ediapi\/wp\/v2\/media?parent=478661"}],"wp:term":[{"taxonomy":"category","embeddable":true,"href":"https:\/\/staging.ivg.it\/ediapi\/wp\/v2\/categories?post=478661"},{"taxonomy":"post_tag","embeddable":true,"href":"https:\/\/staging.ivg.it\/ediapi\/wp\/v2\/tags?post=478661"}],"curies":[{"name":"wp","href":"https:\/\/api.w.org\/{rel}","templated":true}]}}