{"id":478407,"date":"2019-10-03T09:05:26","date_gmt":"2019-10-03T07:05:26","guid":{"rendered":"http:\/\/www.ivg.it\/?p=478407"},"modified":"2019-10-03T09:05:26","modified_gmt":"2019-10-03T07:05:26","slug":"i-birrifici-liguri-a-roma-per-eurhop-roma-beer-festival","status":"publish","type":"post","link":"https:\/\/staging.ivg.it\/2019\/10\/i-birrifici-liguri-a-roma-per-eurhop-roma-beer-festival\/","title":{"rendered":"I birrifici liguri a Roma per &#8220;EurHop! Roma Beer Festival&#8221;"},"content":{"rendered":"<p><strong>Liguria<\/strong>. Weekend all&#8217;insegna della birra artigianale di qualit\u00e0 con l&#8217;appuntamento che ogni anno richiama nella Capitale circa 100 produttori italiani e internazionali: tra i birrifici selezionati non manca quest&#8217;anno la Liguria con la Fabbrica della Birra di Busalla, ma soprattutto con la birra a chilometro zero del Birrificio Altavia di Sassello.<\/p>\n<p>\u00c8 quanto afferma Coldiretti Liguria nel sottolineare che le birre agricole &#8220;Doc&#8221; stanno rivoluzionando l&#8217;offerta sul mercato italiano, dove nel 2018, il consumo di birra ha superato per la prima volta i 20 milioni di ettolitri, conquistando oltre la met\u00e0 dei consumatori. \u00c8 importante quindi che tra i migliori birrifici italiani ed internazionali che parteciperanno alla sesta edizione del Roma Beer Festival, sia stato invitato Giorgio Masio, mastro birraio del birrificio agricolo Altavia, recentemente premiato sul podio dei migliori birrai emergenti italiani e membro tra i soci fondatori del Consorzio della birra artigianale Made in Italy, primo consorzio italiano che ha come scopo la valorizzazione della filiera produttiva locale, creando un rapporto pi\u00f9 solido tra la bevanda artigianale e le materie prime, tra i piccoli produttori di birra ed i coltivatori di orzo, luppolo e altre materie prime complementari.<\/p>\n<p>&#8220;Le nostre birre partono dai semi, \u2013 commenta Giorgio Masio del Birrificio Altavia \u2013 nel senso che \u00e8 dal luppolo, cereali e dall&#8217;allevamento di api per la produzione di miele, che ricaviamo gli ingredienti necessari per realizzare birre che si basano principalmente sulla bassa fermentazione per sfruttare al meglio l&#8217;ottima acqua dei nostri monti. Con le birre che produciamo vogliamo far conoscere e valorizzare l&#8217;Entroterra di Savona e la sua agricoltura, dove un tempo questo genere di coltivazioni cerealicole erano maggiormente presenti. L&#8217; obiettivo che abbiamo \u00e8 concorde con il Consorzio nazionale, nato appunto per promuovere e tutelare le birre artigianali italiane e per puntare sul valore che riveste soprattutto quella da filiera agricola italiana, interamente a chilometro zero&#8221;.<\/p>\n<p>&#8220;A rivoluzionare il settore della birra \u2013 affermano il presidente di Coldiretti Liguria Gianluca Boeri e il delegato confederale Bruno Rivarossa \u2013 \u00e8 la domanda del consumatore, che \u00e8 diventata, negli anni, sempre pi\u00f9 raffinata e consapevole, con una maggiore attenzione per l&#8217;origine delle materie prime, la qualit\u00e0 e il legame che ha con il territorio. Ed \u00e8 per questo che grandi potenzialit\u00e0 hanno i birrifici agricoli come quello dei ragazzi di Savona, aziende agricole che, a monte della produzione di birra artigianale, prevedono la coltivazione delle materie prime necessarie, dall&#8217;orzo fino al luppolo. Questo Festival di fama internazionale \u00e8 una vetrina importante non solo per l&#8217;azienda partecipante, ma per l&#8217;intero territorio ligure dal momento che \u00e8 un&#8217;ulteriore conferma delle potenzialit\u00e0 del settore agricolo locale anche su nuovi mercati e produzioni&#8221;<\/p>\n","protected":false},"excerpt":{"rendered":"<p> Il Salone Internazionale della Birra Artigianale 2019  (Salone delle Fontane all&#8217;Eur, 4-5-6 ottobre)<\/p>\n","protected":false},"author":12120,"featured_media":0,"comment_status":"open","ping_status":"closed","sticky":false,"template":"","format":"standard","meta":{"footnotes":""},"categories":[35],"tags":[11914,59640],"class_list":["post-478407","post","type-post","status-publish","format-standard","hentry","category-economia","tag-birra","tag-coldiretti-liguria","post_tag_personaggi-bruno-rivarossa","post_tag_personaggi-gianluca-boeri"],"amp_validity":null,"amp_enabled":true,"_links":{"self":[{"href":"https:\/\/staging.ivg.it\/ediapi\/wp\/v2\/posts\/478407","targetHints":{"allow":["GET"]}}],"collection":[{"href":"https:\/\/staging.ivg.it\/ediapi\/wp\/v2\/posts"}],"about":[{"href":"https:\/\/staging.ivg.it\/ediapi\/wp\/v2\/types\/post"}],"author":[{"embeddable":true,"href":"https:\/\/staging.ivg.it\/ediapi\/wp\/v2\/users\/12120"}],"replies":[{"embeddable":true,"href":"https:\/\/staging.ivg.it\/ediapi\/wp\/v2\/comments?post=478407"}],"version-history":[{"count":0,"href":"https:\/\/staging.ivg.it\/ediapi\/wp\/v2\/posts\/478407\/revisions"}],"wp:attachment":[{"href":"https:\/\/staging.ivg.it\/ediapi\/wp\/v2\/media?parent=478407"}],"wp:term":[{"taxonomy":"category","embeddable":true,"href":"https:\/\/staging.ivg.it\/ediapi\/wp\/v2\/categories?post=478407"},{"taxonomy":"post_tag","embeddable":true,"href":"https:\/\/staging.ivg.it\/ediapi\/wp\/v2\/tags?post=478407"}],"curies":[{"name":"wp","href":"https:\/\/api.w.org\/{rel}","templated":true}]}}