{"id":478371,"date":"2019-10-02T15:39:49","date_gmt":"2019-10-02T13:39:49","guid":{"rendered":"http:\/\/www.ivg.it\/?p=478371"},"modified":"2019-10-02T15:54:20","modified_gmt":"2019-10-02T13:54:20","slug":"albisola-superiore-il-partito-democratico-attacca-la-giunta-con-lattuale-amministrazione-albisola-sta-diventando-citta-dei-supermercati","status":"publish","type":"post","link":"https:\/\/staging.ivg.it\/2019\/10\/albisola-superiore-il-partito-democratico-attacca-la-giunta-con-lattuale-amministrazione-albisola-sta-diventando-citta-dei-supermercati\/","title":{"rendered":"Albisola Superiore, il Pd attacca la maggioranza: &#8220;Con l&#8217;attuale amministrazione stiamo diventando la citt\u00e0 dei supermercati&#8221;"},"content":{"rendered":"<p><strong>Albisola Superiore<\/strong>.\u00a0&#8220;La riqualificazione di un territorio passa dalla valorizzazione del patrimonio esistente &#8211; esordiscono i membri del Partito Democratico di opposizione albisolese, in merito al progetto approvato dalla giunta Garbarini che vedr\u00e0 sorgere un centro commerciale in corso Ferrari, dove per anni \u00e8 rimasto lo scheletro di un ex distributore.<\/p>\n<p>&#8220;Albisola nel corso degli anni si \u00e8 mano a mano trasformata da citt\u00e0 operaia prima in una citt\u00e0 dormitorio per diventare con la seconda amministrazione Orsi e l&#8217;attuale guidata da Maurizio Garbarini in &#8216;citt\u00e0 dei supermercati&#8217;. Ebbene si, con l&#8217;approvazione del progetto relativo all&#8217;ex distributore IP di corso Ferrari, Albisola si trover\u00e0 nei prossimi anni ad avere in 500 metri 5 supermercati pi\u00f9 1 ad Albisola Superiore&#8221;.<\/p>\n<p>&#8220;Calcolando che Coop, Pam e In&#8217;s sono, o saranno nel caso delle ultime due, nel nodo centrale della viabilit\u00e0 albisolese (l&#8217;incrocio tra corso Ferrari e corso Mazzini) non possiamo che ritenere un aumento del trasporto merci e quindi una maggiore (se possibile) concentrazione di traffico. Se poi pensiamo che sempre pi\u00f9 attivit\u00e0 di piccoli commercianti locali chiudono forse questa non \u00e8 una riqualificazione&#8221;.<\/p>\n<p>&#8220;Per noi del Partito Democratico \u00e8 fondamentale rivedere il piano del commercio (rimasto intonso dal 2008). Il piano del commercio deve essere uno strumento di pianificazione per l&#8217;amministrazione. Lasciarlo in un cassetto per 11 anni significa che le amministrazioni Orsi e Garbarini non hanno pianificato o programmato nulla o peggio non hanno rimodulato la pianificazione originaria alla situazione attuale&#8221;.<\/p>\n<p>&#8220;Che fare ora? &#8211; concludono i membri del Partito Democratico &#8211; In quest&#8217;ottica bisogna procedere verso una salvaguardia delle piccole attivit\u00e0 locali e, insieme, effettuare una concreta pianificazione degli eventuali futuri insediamenti commerciali su un doppio binario: quello di incentivare un investimento nei quartieri periferici e quello di investire su un paese vivo, tramite piccole realt\u00e0 locali, per essere pi\u00f9 attrattivo dal punto di vista turistico. La nostra \u00e8 una critica dura, forse, ma sempre nell&#8217;ottica di migliorare nell&#8217;interesse dei cittadini albisolesi&#8221;.<\/p>\n","protected":false},"excerpt":{"rendered":"<p>Il rischio \u00e8 l&#8217;aumento del traffico<\/p>\n","protected":false},"author":18838,"featured_media":0,"comment_status":"open","ping_status":"closed","sticky":false,"template":"","format":"standard","meta":{"footnotes":""},"categories":[45296,35,31],"tags":[109818],"class_list":["post-478371","post","type-post","status-publish","format-standard","hentry","category-copertina","category-economia","category-politica","tag-riqualificazione-albisola","post_cat_citta-albisola-superiore"],"amp_validity":null,"amp_enabled":true,"_links":{"self":[{"href":"https:\/\/staging.ivg.it\/ediapi\/wp\/v2\/posts\/478371","targetHints":{"allow":["GET"]}}],"collection":[{"href":"https:\/\/staging.ivg.it\/ediapi\/wp\/v2\/posts"}],"about":[{"href":"https:\/\/staging.ivg.it\/ediapi\/wp\/v2\/types\/post"}],"author":[{"embeddable":true,"href":"https:\/\/staging.ivg.it\/ediapi\/wp\/v2\/users\/18838"}],"replies":[{"embeddable":true,"href":"https:\/\/staging.ivg.it\/ediapi\/wp\/v2\/comments?post=478371"}],"version-history":[{"count":0,"href":"https:\/\/staging.ivg.it\/ediapi\/wp\/v2\/posts\/478371\/revisions"}],"wp:attachment":[{"href":"https:\/\/staging.ivg.it\/ediapi\/wp\/v2\/media?parent=478371"}],"wp:term":[{"taxonomy":"category","embeddable":true,"href":"https:\/\/staging.ivg.it\/ediapi\/wp\/v2\/categories?post=478371"},{"taxonomy":"post_tag","embeddable":true,"href":"https:\/\/staging.ivg.it\/ediapi\/wp\/v2\/tags?post=478371"}],"curies":[{"name":"wp","href":"https:\/\/api.w.org\/{rel}","templated":true}]}}