{"id":477960,"date":"2019-09-27T11:53:51","date_gmt":"2019-09-27T09:53:51","guid":{"rendered":"http:\/\/www.ivg.it\/?p=477960"},"modified":"2019-09-27T14:37:24","modified_gmt":"2019-09-27T12:37:24","slug":"incidente-sulla-a6-camion-contro-guardrail-autostrada-chiusa-da-altare-a-savona","status":"publish","type":"post","link":"https:\/\/staging.ivg.it\/2019\/09\/incidente-sulla-a6-camion-contro-guardrail-autostrada-chiusa-da-altare-a-savona\/","title":{"rendered":"Camion sfonda il guardrail sulla A6: la cabina precipita nel vuoto"},"content":{"rendered":"<p><strong>Altare. <\/strong>Un miracolo. E&#8217; quello che, questa mattina, ha decretato la salvezza del conducente del camion protagonista del grave incidente avvenuto su un viadotto della A6 tra i caselli di Altare e Savona in direzione del capoluogo ligure.<\/p>\n<p>Per cause ancora da accertare, il guidatore ha perso il controllo del mezzo pesante, che \u00e8 andato a schiantarsi contro il guard-rail. La cabina ha oltrepassato le protezione ed \u00e8 rimasta &#8220;pendente&#8221; nel vuoto, fino a che la parte superiore non \u00e8 precipitata per alcune decine di metri.<\/p>\n<p>Sul posto sono prontamente intervenute l&#8217;automedica del 118 e due ambulanze della Croce Bianca di Altare e della Croce Rossa di Quiliano insieme ai vigili del fuoco.<\/p>\n<p>Incredibilmente il guidatore \u00e8 rimasto del tutto illeso: secondo quanto riferito, l&#8217;uomo \u00e8 uscito dalla cabina sulle proprie gambe. Dopo averlo tratto in salvo, i vigili del fuoco lo hanno affidato alle cure dei sanitari, che lo hanno trasferito subito all&#8217;ospedale.<\/p>\n<p>Il tratto interessato dall&#8217;incidente \u00e8 stato chiuso.<\/p>\n","protected":false},"excerpt":{"rendered":"<p>Il tratto interessato dall&#8217;incidente \u00e8 stato chiuso<\/p>\n","protected":false},"author":10593,"featured_media":0,"comment_status":"open","ping_status":"closed","sticky":false,"template":"","format":"standard","meta":{"footnotes":""},"categories":[45296,34],"tags":[66481,71950,3123,618],"class_list":["post-477960","post","type-post","status-publish","format-standard","hentry","category-copertina","category-cronaca","tag-croce-rossa-quiliano","tag-incidente-a6","tag-incidente-stradale","tag-vigili-del-fuoco","post_cat_citta-altare","post_cat_citta-savona"],"amp_validity":null,"amp_enabled":true,"_links":{"self":[{"href":"https:\/\/staging.ivg.it\/ediapi\/wp\/v2\/posts\/477960","targetHints":{"allow":["GET"]}}],"collection":[{"href":"https:\/\/staging.ivg.it\/ediapi\/wp\/v2\/posts"}],"about":[{"href":"https:\/\/staging.ivg.it\/ediapi\/wp\/v2\/types\/post"}],"author":[{"embeddable":true,"href":"https:\/\/staging.ivg.it\/ediapi\/wp\/v2\/users\/10593"}],"replies":[{"embeddable":true,"href":"https:\/\/staging.ivg.it\/ediapi\/wp\/v2\/comments?post=477960"}],"version-history":[{"count":0,"href":"https:\/\/staging.ivg.it\/ediapi\/wp\/v2\/posts\/477960\/revisions"}],"wp:attachment":[{"href":"https:\/\/staging.ivg.it\/ediapi\/wp\/v2\/media?parent=477960"}],"wp:term":[{"taxonomy":"category","embeddable":true,"href":"https:\/\/staging.ivg.it\/ediapi\/wp\/v2\/categories?post=477960"},{"taxonomy":"post_tag","embeddable":true,"href":"https:\/\/staging.ivg.it\/ediapi\/wp\/v2\/tags?post=477960"}],"curies":[{"name":"wp","href":"https:\/\/api.w.org\/{rel}","templated":true}]}}