{"id":477484,"date":"2019-09-20T13:11:04","date_gmt":"2019-09-20T11:11:04","guid":{"rendered":"http:\/\/www.ivg.it\/?p=477484"},"modified":"2019-09-20T13:11:04","modified_gmt":"2019-09-20T11:11:04","slug":"no-al-governo-delle-poltrone-oltre-50-gazebo-della-lega-per-raccolta-firme-in-liguria","status":"publish","type":"post","link":"https:\/\/staging.ivg.it\/2019\/09\/no-al-governo-delle-poltrone-oltre-50-gazebo-della-lega-per-raccolta-firme-in-liguria\/","title":{"rendered":"\u201cNo al Governo delle poltrone\u201d: oltre 50 gazebo della Lega per raccolta firme in Liguria"},"content":{"rendered":"<p><strong>Regione.<\/strong> Domani (sabato 21 settembre) e domenica 50 gazebo per raccolta firme in Liguria, da Ventimiglia a Sarzana, contro il governo delle poltrone. Pieno sostegno al segretario Salvini\u201d.<\/p>\n<div class=\"single-img-content-container fullwidth-single shortcode standard\">\n    <div class=\"image_container\" style=\"text-align: center;\">\n        <picture class=\" lazyload\"><img loading=\"lazy\" class=\"lazy\" data-srcset=\"https:\/\/www.ivg.it\/photogallery_new\/images\/2019\/09\/gazebo-vs-governo-conte-lega-576258.jpg 1024w, https:\/\/www.ivg.it\/photogallery_new\/images\/2019\/09\/gazebo-vs-governo-conte-lega-576258.jpg 970w, https:\/\/www.ivg.it\/photogallery_new\/images\/2019\/09\/gazebo-vs-governo-conte-lega-576258.jpg 660w, https:\/\/www.ivg.it\/photogallery_new\/images\/2019\/09\/gazebo-vs-governo-conte-lega-576258.jpg 316w, https:\/\/www.ivg.it\/photogallery_new\/images\/2019\/09\/gazebo-vs-governo-conte-lega-576258.jpg 150w\"  data-src=\"https:\/\/www.ivg.it\/photogallery_new\/images\/2019\/09\/gazebo-vs-governo-conte-lega-576258.jpg\" alt=\"Gazebo vs Governo Conte Lega\" \/><\/picture>\r\n\n    <\/div>\n    <\/div>\n\n<p>Parola del segretario della Lega Liguria e responsabile nazionale Infrastrutture della Lega, Edoardo Rixi, che ha spiegato: \u201cRaccoglieremo le firme contro il governo delle poltrone, delle tasse e dell&#8217;invasione, che ha tolto la parola ai cittadini\u201d.<\/p>\n<p>\u201cCon questa iniziativa vogliamo dare il pi\u00f9 totale sostegno a Matteo Salvini perch\u00e9 vada avanti per il bene dell&#8217;Italia e per ridare agli italiani la possibilit\u00e0 di tornare a votare e di scegliere liberamente e democraticamente da chi vogliono essere governati\u201d, ha concluso Rixi, che domani sar\u00e0 presente, dalle 16 circa, al gazebo di largo Pertini a Genova.<\/p>\n","protected":false},"excerpt":{"rendered":"<p>Domani (sabato 21 settembre) e domenica, da Ventimiglia a Sarzana<\/p>\n","protected":false},"author":18599,"featured_media":0,"comment_status":"open","ping_status":"closed","sticky":false,"template":"","format":"standard","meta":{"footnotes":""},"categories":[31],"tags":[7388,4200,6523],"class_list":["post-477484","post","type-post","status-publish","format-standard","hentry","category-politica","tag-gazebo","tag-lega","tag-raccolta-firme","post_tag_personaggi-edoardo-rixi"],"amp_validity":null,"amp_enabled":true,"_links":{"self":[{"href":"https:\/\/staging.ivg.it\/ediapi\/wp\/v2\/posts\/477484","targetHints":{"allow":["GET"]}}],"collection":[{"href":"https:\/\/staging.ivg.it\/ediapi\/wp\/v2\/posts"}],"about":[{"href":"https:\/\/staging.ivg.it\/ediapi\/wp\/v2\/types\/post"}],"author":[{"embeddable":true,"href":"https:\/\/staging.ivg.it\/ediapi\/wp\/v2\/users\/18599"}],"replies":[{"embeddable":true,"href":"https:\/\/staging.ivg.it\/ediapi\/wp\/v2\/comments?post=477484"}],"version-history":[{"count":0,"href":"https:\/\/staging.ivg.it\/ediapi\/wp\/v2\/posts\/477484\/revisions"}],"wp:attachment":[{"href":"https:\/\/staging.ivg.it\/ediapi\/wp\/v2\/media?parent=477484"}],"wp:term":[{"taxonomy":"category","embeddable":true,"href":"https:\/\/staging.ivg.it\/ediapi\/wp\/v2\/categories?post=477484"},{"taxonomy":"post_tag","embeddable":true,"href":"https:\/\/staging.ivg.it\/ediapi\/wp\/v2\/tags?post=477484"}],"curies":[{"name":"wp","href":"https:\/\/api.w.org\/{rel}","templated":true}]}}