{"id":477420,"date":"2019-09-19T19:54:49","date_gmt":"2019-09-19T17:54:49","guid":{"rendered":"http:\/\/www.ivg.it\/?p=477420"},"modified":"2019-09-19T19:54:49","modified_gmt":"2019-09-19T17:54:49","slug":"albenga-via-alla-settimana-della-gentilezza","status":"publish","type":"post","link":"https:\/\/staging.ivg.it\/2019\/09\/albenga-via-alla-settimana-della-gentilezza\/","title":{"rendered":"Albenga, via alla Settimana della Gentilezza"},"content":{"rendered":"<p><strong>Albenga.<\/strong> Il Comune di Albenga accoglie la proposta dall&#8217;associazione culturale Cor et Amor, in collaborazione con il Movimento Mezzopieno e aderisce alla &#8220;4\u00b0 Giornata Nazionale dei giochi della gentilezza&#8221;, anzi la amplia organizzando &#8220;La settimana della Gentilezza&#8221;. L&#8217;iniziativa, rivolta alla cittadinanza e in particolare ai bambini e alle loro famiglie, ha l&#8217;obiettivo di prevenire e correggere molti comportamenti che danneggiano il vivere sereno della comunit\u00e0 attraverso la cortesia.<\/p>\n<p>&#8220;Oltre ai numerosi eventi che saranno realizzati durante la settimana si \u00e8 deciso di istituire, per l&#8217;occasione, il Delegato alla gentilezza e di individuare a tal fine il consigliere comunale Martina Isoleri &#8211; spiegano dal Comune &#8211; Martina Isoleri ha gi\u00e0 dimostrato sensibilit\u00e0 verso queste tematiche e si \u00e8 resa disponibile a promuovere la buona educazione, il rispetto verso il prossimo, a sensibilizzare i cittadini ai comportamenti positivi ed accrescere lo spirito di comunit\u00e0 e per il bene comune&#8221;.<\/p>\n<p>&#8220;Si tratta di un&#8217;iniziativa voluta dall&#8217;amministrazione e in particolare dalla sua componente femminile &#8211; afferma il sindaco Riccardo Tomatis &#8211; Questo \u00e8 l&#8217;anno zero, ma intendiamo continuare a portare avanti questo progetto e, anzi, ampliarlo&#8221;.<\/p>\n<p>&#8220;Questa iniziativa rientra negli obiettivi che, anche attraverso le associazioni di volontariato e i servizi sociali, vogliamo portare avanti &#8211; spiega l&#8217;assessore Simona Vespo &#8211; La Gentilezza, intesa nella sua accezione pi\u00f9 ampia, deve essere la linea guida da seguire&#8221;.<\/p>\n<p>Martina Isoleri consigliere comunale, nel ricevere la delega afferma: &#8220;Questa \u00e8 stata una idea che abbiamo portato avanti in equipe. \u00c8 stato un grande lavoro di squadra che ha coinvolto consiglieri e assessori, tra questi vorrei ringraziare in particolare Simona Vespo, Alberto Passino e Gianni Pollio. Sono contenta di aver ricevuto questa delega e mi auguro di poter continuare a realizzare eventi e manifestazioni prendendo spunto dal tema della gentilezza. Dobbiamo intendere questo termine come un vero e proprio stile da seguire nell&#8217;agire quotidiano e deve essere alla base dei nostri progetti. Questa per me \u00e8 una sfida che accolgo con grande entusiasmo&#8221;.<\/p>\n<p>La consigliera Marta Gaia: &#8220;Tutta l&#8217;amministrazione ha accolto con grande entusiasmo la proposta arrivata dall&#8217;Associazione Cor et Amor. Abbiamo creato molti eventi, laboratori e incontri per adulti e bambini, coinvolgendo le realt\u00e0 del territorio. Albenga ha la fortuna di avere molti cittadini, singoli e in associazioni, attivi e intraprendenti che mettono a disposizione il loro sapere per il bene della citt\u00e0. Il messaggio che vogliamo far passare \u00e8 che siamo tutti amministratori e ciceroni di Albenga. La gentilezza \u00e8 un valore che si sta perdendo, gentilezza verso l&#8217;ambiente, verso la propria citt\u00e0 ma anche verso il prossimo, il nostro invito \u00e8 mettersi dalla parte di chi affronta situazioni di difficolt\u00e0, qualunque esse siano, e rapportarsi con essi di conseguenza. La settimana della gentilezza sar\u00e0 il punto di partenza per una costante collaborazione con la cittadinanza&#8221;.<\/p>\n<p>Di seguito il programma completo della settimana.<\/p>\n<p>20\/09<br \/>\nProgetto Legambiente &#8220;Puliamo il mondo&#8221; &#8211; Vadino &#8211; P.zza Europa &#8211; Leca<\/p>\n<p>21\/09<br \/>\nProgetto Legambiente &#8220;Puliamo il mondo&#8221; &#8211; Parco Cotta<br \/>\nOre 16,00: Spettacolo di bolle per bambini (a cura di Luca Mazzara) &#8211; Piazza San Michele;<br \/>\nOre 17,30: inaugurazione mostra &#8220;L&#8217;effimero e l&#8217;eterno&#8221;, a cura del Circolo fotografico di San Giorgio Biblioteca Comunale &#8220;S. Comanedi&#8221;<br \/>\nOre 19,00 &#8220;Leggevamo 4 libri all&#8217;apericena&#8221; (a cura di Sandra Berriolo) Piazza Trincheri.<\/p>\n<p>22\/09<br \/>\n4\u00b0 GIORNATA NAZIONALE DELLA GENTILEZZA<br \/>\nDalle ore 10 alle ore 12 e dalle ore 16 alle ore 18 letture e giochi in centro storico &#8211; Piazza Trincheri &#8211; Le Emozioni Gentili a cura di Associazione Immaginafamiglie<br \/>\nGENTILEZZA, te la LEGGO negli occhi! Letture e giochi sulla Gentilezza per grandi e piccini a cura dell&#8217;APS #COSAVUOICHETILEGGA?<br \/>\n\u2022 ACCOGLIERE CON GENTILEZZA \u2026 &#8220;L&#8217;Affido: un altro modo di essere famiglia&#8221; &#8211; A cura associazione Sjamo Onlus.<\/p>\n<p>23\/09<br \/>\nBibliopride: letture in biblioteca (ore 10,00) (a cura di Gianni Peirano) Libri doppi in biblioteca!<br \/>\n&#8220;Ilaria&#038;Simonetta&#8221;, attivit\u00e0 di testimonianza e di incontro con la disabilit\u00e0 -Sedi delle scuole aderenti.<\/p>\n<p>24\/09<br \/>\nBibliopride: letture in biblioteca (ore 10,00) (a cura di Gianni Peirano) Libri doppi in biblioteca!<br \/>\nINCONTRO CON L&#8217;AUTORE: &#8220;E io cosa dovrei dire?&#8221; (a cura di Angela Cascio)<br \/>\nORE 17,00 (Laboratorio didattico per bambini). Biblioteca Comunale &#8220;S. Comanedi&#8221;<\/p>\n<p>25\/09<br \/>\nBibliopride: letture in biblioteca (ore 10,00) (a cura di Gianni Peirano) Libri doppi in biblioteca!<br \/>\nINCONTRO IN OSTERIA: L&#8217;arte della gentilezza (a cura di Francesca Bogliolo e Cinzia Chiappori).<br \/>\nDalle 19,30 Osteria del Tempo Stretto (apericena e conferenza).<\/p>\n<p>26\/09<br \/>\nBibliopride: letture in biblioteca (ore 10,00) (a cura di Gianni Peirano) Libri doppi in biblioteca!<br \/>\nAnpas, Croce Bianca e Samaritan International: &#8220;Eroi senza super poteri&#8221;:<br \/>\nflash mob sul primo soccorso Piazza San Michele (orario: 11:00 &#8211; 12:00)<\/p>\n<p>27\/09<br \/>\nBibliopride: letture in biblioteca (ore 10,00) (a cura di Gianni Peirano) Libri doppi in biblioteca!<br \/>\nOre 18,00 LA CULTURA DELLA GENTILEZZA: La gentilezza nella filosofia (a cura del Prof. Gianmaria Zavattaro) La gentilezza nella letteratura romana (a cura della Prof.ssa Rosa Elisa Giangoia) Palazzo Peloso Cepolla<br \/>\nOre 21,00 &#8220;Sporco Negro&#8221; (a cura di Kronoteatro) Piazza San Domenico &#8211; &#8211; Concessione del logo &#8220;Emys&#8221;<\/p>\n<p>28\/09<br \/>\nDifferenziamo! A cura di Sat Piazza dei Leoni.<\/p>\n","protected":false},"excerpt":{"rendered":"<p>La &#8220;delega alla gentilezza&#8221; \u00e8 stata data alla consigliera Martina Isoleri<\/p>\n","protected":false},"author":10593,"featured_media":0,"comment_status":"open","ping_status":"closed","sticky":false,"template":"","format":"standard","meta":{"footnotes":""},"categories":[56],"tags":[109608],"class_list":["post-477420","post","type-post","status-publish","format-standard","hentry","category-altre","tag-settimana-della-gentilezza","post_cat_citta-albenga","post_tag_personaggi-martina-isoleri"],"amp_validity":null,"amp_enabled":true,"_links":{"self":[{"href":"https:\/\/staging.ivg.it\/ediapi\/wp\/v2\/posts\/477420","targetHints":{"allow":["GET"]}}],"collection":[{"href":"https:\/\/staging.ivg.it\/ediapi\/wp\/v2\/posts"}],"about":[{"href":"https:\/\/staging.ivg.it\/ediapi\/wp\/v2\/types\/post"}],"author":[{"embeddable":true,"href":"https:\/\/staging.ivg.it\/ediapi\/wp\/v2\/users\/10593"}],"replies":[{"embeddable":true,"href":"https:\/\/staging.ivg.it\/ediapi\/wp\/v2\/comments?post=477420"}],"version-history":[{"count":0,"href":"https:\/\/staging.ivg.it\/ediapi\/wp\/v2\/posts\/477420\/revisions"}],"wp:attachment":[{"href":"https:\/\/staging.ivg.it\/ediapi\/wp\/v2\/media?parent=477420"}],"wp:term":[{"taxonomy":"category","embeddable":true,"href":"https:\/\/staging.ivg.it\/ediapi\/wp\/v2\/categories?post=477420"},{"taxonomy":"post_tag","embeddable":true,"href":"https:\/\/staging.ivg.it\/ediapi\/wp\/v2\/tags?post=477420"}],"curies":[{"name":"wp","href":"https:\/\/api.w.org\/{rel}","templated":true}]}}