{"id":477227,"date":"2019-09-17T15:34:14","date_gmt":"2019-09-17T13:34:14","guid":{"rendered":"http:\/\/www.ivg.it\/?p=477227"},"modified":"2019-09-17T16:00:45","modified_gmt":"2019-09-17T14:00:45","slug":"dolcissima-pietra-de-vincenzi-unedizione-raddoppiata-di-grande-successo-a-sigilli-dellestate-pietrese","status":"publish","type":"post","link":"https:\/\/staging.ivg.it\/2019\/09\/dolcissima-pietra-de-vincenzi-unedizione-raddoppiata-di-grande-successo-a-sigilli-dellestate-pietrese\/","title":{"rendered":"Dolcissima Pietra, De Vincenzi: &#8220;Un&#8217;edizione raddoppiata di grande successo, a sigillo dell&#8217;estate pietrese&#8221;"},"content":{"rendered":"<p><strong>Pietra Ligure<\/strong>. Grande successo, fermenti di novit\u00e0 e aria di \u201crinascita\u201d per \u201cDolcissima Pietra\u201d la tre giorni pietrese dedicata all\u2019arte dolciaria conclusasi domenica con numeri importanti e che, quest\u2019anno, ha festeggiato il suo 15^ compleanno regalandosi e regalandoci le superlative \u201cincursioni\u201d nella poesia, nella musica e nella cultura di \u201cBellissima Pietra\u201d.<\/p>\n<p>Spiega il sindaco di Pietra Ligure Luigi De Vincenzi: \u201cIn un crescendo continuo, alle delizie per gli occhi e per il palato esposte sotto il grande tendone in piazza San Nicol\u00f2, hanno fatto da contraltare, nello spazio allestito in piazza Vittorio Emanuele II, gli &#8216;affondi&#8217; poetici di Davide Rondoni, le sonorit\u00e0 del concerto di Fabrizio Casalino, le note del sax di Fabio Tessiore, l\u2019excursus letterario di Paolo Lagazzi, le avvincenti degustazioni di Virgilio Pronzati e, nella suggestiva e ritrovata &#8216;Chiesa Vecchia&#8217;, l\u2019arte dei fiori di Federico Silvestri e i sapori di terre lontane del rhum di Renato Ansaldi. Senza dimenticare i &#8216;talenti&#8217; profusi nel contest &#8216;Dolcissimo&#8217; dedicato ai dolci della tradizione ligure e alla pietrese &#8216;torta di zucca&#8217;, vinto da Bruna Montorio, per la sezione dedicata a quest\u2019ultima, da Roberta Orefice del ristorante &#8216;Da Max&#8217; per la sezione &#8216;professionisti&#8217; e da Michela Barcellonio per i &#8216;non professionisti&#8217; e alla gara delle &#8216;vetrine a tema&#8217; che, come ogni anno, &#8216;veste&#8217; di scorci scenografici il centro storico e che ha visto vincitori al primo posto &#8216;Zanzibar Caf\u00e8&#8217; e a seguire il ristorante &#8216;Al 17&#8217; e la pasticceria &#8216;Moggia&#8217;, con un &#8216;premio speciale&#8217; della giuria ai commercianti di via Garibaldi\u201d.<\/p>\n<p>\u201cUn caleidoscopio di emozioni premiato da un pubblico numerosissimo e attento che, per tutto il fine settimana, ha affollato le piazze e le strade del nostro centro storico, segnando il &#8216;tutto esaurito&#8217; per gli eventi e assicurando un &#8216;surplus&#8217; di lavoro agli espositori e alle nostre attivit\u00e0 produttive\u201d.<\/p>\n<p>Tre giorni di eventi, sette regioni rappresentate, pi\u00f9 di 300 prodotti artigianali, oltre 60 espositori, sei piazze coinvolte, pi\u00f9 di 1000 metri quadri di moquette rosso rubino e poi degustazioni, show cooking, incontri a tema, appuntamenti conviviali e naturalmente i dolci, i vini da dessert e tutte le eccellenze e le specialit\u00e0 dell\u2019arte dolciaria: questi, in estrema sintesi, i grandi numeri dell\u2019edizione 2019 .<\/p>\n<p>\u201cUn\u2019edizione importante per &#8216;Dolcissima Pietra&#8217; e una sfida azzeccata e vinta quella di &#8216;Bellissima&#8217;, capace di rinnovare e &#8216;rilanciare&#8217; questa importante manifestazione, nata nel 2005 durante il mio secondo mandato amministrativo e cresciuta fino a diventare oggi un\u2019esperienza sensoriale ed emozionale a 360\u00b0 in cui cultura, creativit\u00e0 ed eccellenze enogastronomiche si compenetrano e diventano nuove energie per il territorio e grande valore aggiunto della nostra programmazione estiva. Siamo orgogliosi di questo bel traguardo e come amministrazione siamo intenzionati a portare avanti questo tipo di progettualit\u00e0, certi che sia la &#8216;strada maestra&#8217; per valorizzare al meglio la nostra citt\u00e0 e le sue attivit\u00e0 produttive e occasione di forte attrazione turistica\u201d.<\/p>\n<p>\u201cGrazie a OroArgento per l\u2019organizzazione e per le molte idee e proposte messe in campo, all\u2019associazione &#8216;Ristoratori Pietresi e della Val Maremola&#8217; e all\u2019associazione dei commercianti del centro storico &#8216;Facciamo centro&#8217; per il sostegno e il coinvolgimento, oltrech\u00e9 agli uffici comunali che non hanno mai fatto mancare la loro disponibilit\u00e0 generosa e competente\u201d.<\/p>\n","protected":false},"excerpt":{"rendered":"<p>&#8220;La rassegna quest&#8217;anno si \u00e8 rinnovata, raddoppiando i suoi eventi con la cultura di Bellissima&#8221;<\/p>\n","protected":false},"author":12120,"featured_media":0,"comment_status":"open","ping_status":"closed","sticky":false,"template":"","format":"standard","meta":{"footnotes":""},"categories":[45296,56],"tags":[1167],"class_list":["post-477227","post","type-post","status-publish","format-standard","hentry","category-copertina","category-altre","tag-dolcissima-pietra","post_cat_citta-pietra-ligure","post_tag_personaggi-luigi-de-vincenzi"],"amp_validity":null,"amp_enabled":true,"_links":{"self":[{"href":"https:\/\/staging.ivg.it\/ediapi\/wp\/v2\/posts\/477227","targetHints":{"allow":["GET"]}}],"collection":[{"href":"https:\/\/staging.ivg.it\/ediapi\/wp\/v2\/posts"}],"about":[{"href":"https:\/\/staging.ivg.it\/ediapi\/wp\/v2\/types\/post"}],"author":[{"embeddable":true,"href":"https:\/\/staging.ivg.it\/ediapi\/wp\/v2\/users\/12120"}],"replies":[{"embeddable":true,"href":"https:\/\/staging.ivg.it\/ediapi\/wp\/v2\/comments?post=477227"}],"version-history":[{"count":0,"href":"https:\/\/staging.ivg.it\/ediapi\/wp\/v2\/posts\/477227\/revisions"}],"wp:attachment":[{"href":"https:\/\/staging.ivg.it\/ediapi\/wp\/v2\/media?parent=477227"}],"wp:term":[{"taxonomy":"category","embeddable":true,"href":"https:\/\/staging.ivg.it\/ediapi\/wp\/v2\/categories?post=477227"},{"taxonomy":"post_tag","embeddable":true,"href":"https:\/\/staging.ivg.it\/ediapi\/wp\/v2\/tags?post=477227"}],"curies":[{"name":"wp","href":"https:\/\/api.w.org\/{rel}","templated":true}]}}