{"id":47698,"date":"2009-01-22T16:27:57","date_gmt":"2009-01-22T15:27:57","guid":{"rendered":"http:\/\/www.ivg.it\/2009\/01\/22\/cairo-briano-crisi-di-ap-dovuta-alla-congiuntura\/"},"modified":"2009-01-22T16:27:57","modified_gmt":"2009-01-22T15:27:57","slug":"cairo-briano-crisi-di-ap-dovuta-alla-congiuntura","status":"publish","type":"post","link":"https:\/\/staging.ivg.it\/2009\/01\/cairo-briano-crisi-di-ap-dovuta-alla-congiuntura\/","title":{"rendered":"Cairo, Briano: &#8220;Crisi di Ap dovuta alla congiuntura&#8221;"},"content":{"rendered":"<p><strong>[thumb:5198:l]Cairo Montenotte. <\/strong>E&#8217; moderatamente ottimista il sindaco di Cairo, Fulvio Briano, sul futuro di Ap: &#8220;La crisi appare, al momento, congiunturale. Dobbiamo comunque tenere alta la guardia anche perch\u00e9 non \u00e8 ancora chiaro se a primavera ci potr\u00e0 essere o meno una ripresa del mercato dell&#8217;auto&#8221;.<\/p>\n<p>&#8216;Per noi Ap e&#8217; un pilastro importante dell&#8217;economia valbormidese&#8221; ha sottolineato Briano, a margine di un incontro tra con i vertici aziendali, proseguendo poi: &#8220;Ci lavorano tra l&#8217;altro molti nostri concittadini e residenti nei paesi vicini. Dobbiamo cercare in ogni modo possibile di evitare per il futuro licenziamenti, in un&#8217;area dove stiamo vivendo gi\u00e0 la situazione di crisi della Ferrania&#8221;.<\/p>\n<p>Intanto, da luned\u00ec prossimo, scatteranno gli ammortizzatori sociali: tutti i 434 dipendenti entreranno in cassa integrazione ordinaria fino al 26 aprile.<\/p>\n","protected":false},"excerpt":{"rendered":"<p>[thumb:5198:l]Cairo Montenotte. E&#8217; moderatamente ottimista il sindaco di Cairo, Fulvio Briano, sul futuro di Ap: &#8220;La crisi appare, al momento, congiunturale. Dobbiamo comunque tenere alta la guardia anche perch\u00e9 non \u00e8 ancora chiaro se a primavera ci potr\u00e0 essere o meno una ripresa del mercato dell&#8217;auto&#8221;. &#8216;Per noi Ap e&#8217; un pilastro importante dell&#8217;economia valbormidese&#8221; [&hellip;]<\/p>\n","protected":false},"author":1385,"featured_media":0,"comment_status":"open","ping_status":"closed","sticky":false,"template":"","format":"standard","meta":{"footnotes":""},"categories":[35],"tags":[1736,85987,1526,595,2771],"class_list":["post-47698","post","type-post","status-publish","format-standard","hentry","category-economia","tag-ap","tag-cairo-montenotte","tag-cassa-integrazione","tag-crisi","tag-fulvio-briano","post_cat_citta-cairo-montenotte"],"amp_validity":null,"amp_enabled":true,"_links":{"self":[{"href":"https:\/\/staging.ivg.it\/ediapi\/wp\/v2\/posts\/47698","targetHints":{"allow":["GET"]}}],"collection":[{"href":"https:\/\/staging.ivg.it\/ediapi\/wp\/v2\/posts"}],"about":[{"href":"https:\/\/staging.ivg.it\/ediapi\/wp\/v2\/types\/post"}],"author":[{"embeddable":true,"href":"https:\/\/staging.ivg.it\/ediapi\/wp\/v2\/users\/1385"}],"replies":[{"embeddable":true,"href":"https:\/\/staging.ivg.it\/ediapi\/wp\/v2\/comments?post=47698"}],"version-history":[{"count":0,"href":"https:\/\/staging.ivg.it\/ediapi\/wp\/v2\/posts\/47698\/revisions"}],"wp:attachment":[{"href":"https:\/\/staging.ivg.it\/ediapi\/wp\/v2\/media?parent=47698"}],"wp:term":[{"taxonomy":"category","embeddable":true,"href":"https:\/\/staging.ivg.it\/ediapi\/wp\/v2\/categories?post=47698"},{"taxonomy":"post_tag","embeddable":true,"href":"https:\/\/staging.ivg.it\/ediapi\/wp\/v2\/tags?post=47698"}],"curies":[{"name":"wp","href":"https:\/\/api.w.org\/{rel}","templated":true}]}}