{"id":47696,"date":"2009-01-22T16:01:12","date_gmt":"2009-01-22T15:01:12","guid":{"rendered":"http:\/\/www.ivg.it\/2009\/01\/22\/tutto-pronto-per-la-prima-conferenza-regionale-del-volontariato\/"},"modified":"2009-01-22T16:02:36","modified_gmt":"2009-01-22T15:02:36","slug":"tutto-pronto-per-la-prima-conferenza-regionale-del-volontariato","status":"publish","type":"post","link":"https:\/\/staging.ivg.it\/2009\/01\/tutto-pronto-per-la-prima-conferenza-regionale-del-volontariato\/","title":{"rendered":"Tutto pronto per la prima Conferenza regionale del volontariato"},"content":{"rendered":"<p><strong>[thumb:7567:l]Liguria. <\/strong>La prima Conferenza regionale sul Terzo settore, dal titolo &#8220;Solidali e volontari&#8221;, si aprir\u00e0 domani, venerd\u00ec 23 gennaio, alle 14,30, presso i  Magazzini del Cotone di Genova. L&#8217;iniziativa, che si snoder\u00e0 in due giorni di convegni, gruppi di lavoro e tavole rotonde, vedr\u00e0 la partecipazione di esperti del mondo del volontariato, dell&#8217;associazionismo e della cooperazione sociale per fare il punto della situazione.<\/p>\n<p>L&#8217;appuntamento prender\u00e0 il via con i saluti del presidente della Regione Liguria, Claudio Burlando, del vicepresidente e assessore regionale al Terzo settore, Massimiliano Costa, e dal portavoce del Forum ligure dell&#8217;associazionismo, Valerio Balzini. Tra i relatori ci saranno Stefano Zamagni, docente dell&#8217;Universit\u00e0 di Bologna, e Franco Dalla Mura, professore universitario di Verona specializzato in impresa sociale.<\/p>\n<p>Nella giornata di sabato 24 gennaio si terr\u00e0 una tavola rotonda con il presidente nazionale dell&#8217;Arci, Paolo Beni, Elide Tisi, esponente della presidenza nazionale di Federsolidariet\u00e0 Confcooperative, il vicepresidente nazionale di Compagnia delle Opere, Massimo Ferlini, e il presidente nazionale di CSVnet, Marco Granelli. L&#8217;incontro sar\u00e0 moderato da Riccardo Bonacina, direttore del settimanale &#8220;Vita&#8221;. La conclusione dei lavori \u00e8 prevista per le 17.30 di sabato.<\/p>\n","protected":false},"excerpt":{"rendered":"<p>[thumb:7567:l]Liguria. La prima Conferenza regionale sul Terzo settore, dal titolo &#8220;Solidali e volontari&#8221;, si aprir\u00e0 domani, venerd\u00ec 23 gennaio, alle 14,30, presso i Magazzini del Cotone di Genova. L&#8217;iniziativa, che si snoder\u00e0 in due giorni di convegni, gruppi di lavoro e tavole rotonde, vedr\u00e0 la partecipazione di esperti del mondo del volontariato, dell&#8217;associazionismo e della [&hellip;]<\/p>\n","protected":false},"author":1385,"featured_media":0,"comment_status":"open","ping_status":"closed","sticky":false,"template":"","format":"standard","meta":{"footnotes":""},"categories":[],"tags":[761,393,295,5673,1972],"class_list":["post-47696","post","type-post","status-publish","format-standard","hentry","tag-conferenza","tag-liguria","tag-regione","tag-terzo-settore","tag-volontariato","post_cat_citta-andora"],"amp_validity":null,"amp_enabled":true,"_links":{"self":[{"href":"https:\/\/staging.ivg.it\/ediapi\/wp\/v2\/posts\/47696","targetHints":{"allow":["GET"]}}],"collection":[{"href":"https:\/\/staging.ivg.it\/ediapi\/wp\/v2\/posts"}],"about":[{"href":"https:\/\/staging.ivg.it\/ediapi\/wp\/v2\/types\/post"}],"author":[{"embeddable":true,"href":"https:\/\/staging.ivg.it\/ediapi\/wp\/v2\/users\/1385"}],"replies":[{"embeddable":true,"href":"https:\/\/staging.ivg.it\/ediapi\/wp\/v2\/comments?post=47696"}],"version-history":[{"count":0,"href":"https:\/\/staging.ivg.it\/ediapi\/wp\/v2\/posts\/47696\/revisions"}],"wp:attachment":[{"href":"https:\/\/staging.ivg.it\/ediapi\/wp\/v2\/media?parent=47696"}],"wp:term":[{"taxonomy":"category","embeddable":true,"href":"https:\/\/staging.ivg.it\/ediapi\/wp\/v2\/categories?post=47696"},{"taxonomy":"post_tag","embeddable":true,"href":"https:\/\/staging.ivg.it\/ediapi\/wp\/v2\/tags?post=47696"}],"curies":[{"name":"wp","href":"https:\/\/api.w.org\/{rel}","templated":true}]}}