{"id":476937,"date":"2019-09-13T16:16:41","date_gmt":"2019-09-13T14:16:41","guid":{"rendered":"http:\/\/www.ivg.it\/?p=476937"},"modified":"2019-09-13T16:16:41","modified_gmt":"2019-09-13T14:16:41","slug":"legambiente-lancia-lallarme-plastica-nel-santuario-pelagos","status":"publish","type":"post","link":"https:\/\/staging.ivg.it\/2019\/09\/legambiente-lancia-lallarme-plastica-nel-santuario-pelagos\/","title":{"rendered":"Legambiente lancia l&#8217;allarme: &#8220;Plastica nel santuario Pelagos&#8221;"},"content":{"rendered":"<p><strong>Liguria<\/strong>. Inquinamento del mare causato dai rifiuti plastici: in arrivo tutti i risultati delle analisi effettuate sulla plastica galleggiante nelle acque del Santuario Pelagos. Per scoprire quanti sono i microrganismi che proliferano sui rifiuti plastici, e soprattutto quali effetti dannosi hanno sull&#8217;ecosistema marino, Legambiente ha organizzato per venerd\u00ec 20 settembre presso il Salone Nautico di Genova la conferenza stampa finale del progetto Pelagos Plastic Free.<\/p>\n<p>&#8220;Il progetto ha perseguito un unico obiettivo lungo tre linee d&#8217;azione ben precise: l&#8217;attivit\u00e0 scientifica fatta di analisi dei campioni di acqua, monitoraggio e successivo screening al microscopio per indicare gli agenti patogeni che potrebbero mettere a rischio i cetacei del Santuario Pelagos, un&#8217;area marina di oltre 80mila km\u00b2; il coinvolgimento di enti locali che si occupano della governance dei rifiuti, aree marine protette e autorit\u00e0 costiere; la sensibilizzazione degli operatori del mare e delle scuole&#8221; spiegano da Legambiente.<\/p>\n<p>&#8220;Mesi di attivit\u00e0 i cui risultati finali verranno illustrati nella conferenza da diversi relatori, i lavori saranno coordinati da Sebastiano Venneri (Responsabile Mare Legambiente). L&#8217;inizio della conferenza \u00e8 previsto alle 10,30 del 20 settembre presso Il Teatro del Mare al Salone Nautico di Genova. Sar\u00e0 l&#8217;occasione per divulgare come gli esperti hanno delineato la composizione della cosiddetta plastifera dell&#8217;area Pelagos, ovvero le comunit\u00e0 microbiche che proliferano insieme alla plastica abbandonata in mare. Rifiuti plastici ridotti in piccolissimi frammenti che possono entrare nella catena alimentare di mammiferi marini e cetacei esponendoli a batteri e virus. Inoltre verranno ricordate le varie attivit\u00e0 svolte: workshop, pulizia delle spiagge, corsi di formazione per docenti, firma di protocolli d&#8217;intesa e convenzioni con enti locali, autorit\u00e0, e operatori del mare come pescatori e diving center&#8221; aggiungono da Legambiente.<\/p>\n<p>Sempre nell&#8217;ambito dell&#8217;attivit\u00e0 di sensibilizzazione del progetto durante l&#8217;evento verr\u00e0 presentata la bandiera &#8220;La mia barca \u00e8 Plastic free&#8221; in collaborazione con UCINA Confindustria Nautica e la rivista mensile Nautica. Sar\u00e0 il &#8220;marchio&#8221; per i diportisti che sceglieranno di schierarsi contro l&#8217;inquinamento del mare riducendo l&#8217;utilizzo di plastica usa e getta a bordo della propria imbarcazione.<\/p>\n","protected":false},"excerpt":{"rendered":"<p>Il 20 settembre verranno presentati i risultati del progetto &#8220;Plastic Free&#8221; al Salone Nautico<\/p>\n","protected":false},"author":2394,"featured_media":0,"comment_status":"open","ping_status":"closed","sticky":false,"template":"","format":"standard","meta":{"footnotes":""},"categories":[56],"tags":[16050,10135,54535],"class_list":["post-476937","post","type-post","status-publish","format-standard","hentry","category-altre","tag-legambiente-liguria","tag-plastica","tag-santuario-pelagos"],"amp_validity":null,"amp_enabled":true,"_links":{"self":[{"href":"https:\/\/staging.ivg.it\/ediapi\/wp\/v2\/posts\/476937","targetHints":{"allow":["GET"]}}],"collection":[{"href":"https:\/\/staging.ivg.it\/ediapi\/wp\/v2\/posts"}],"about":[{"href":"https:\/\/staging.ivg.it\/ediapi\/wp\/v2\/types\/post"}],"author":[{"embeddable":true,"href":"https:\/\/staging.ivg.it\/ediapi\/wp\/v2\/users\/2394"}],"replies":[{"embeddable":true,"href":"https:\/\/staging.ivg.it\/ediapi\/wp\/v2\/comments?post=476937"}],"version-history":[{"count":0,"href":"https:\/\/staging.ivg.it\/ediapi\/wp\/v2\/posts\/476937\/revisions"}],"wp:attachment":[{"href":"https:\/\/staging.ivg.it\/ediapi\/wp\/v2\/media?parent=476937"}],"wp:term":[{"taxonomy":"category","embeddable":true,"href":"https:\/\/staging.ivg.it\/ediapi\/wp\/v2\/categories?post=476937"},{"taxonomy":"post_tag","embeddable":true,"href":"https:\/\/staging.ivg.it\/ediapi\/wp\/v2\/tags?post=476937"}],"curies":[{"name":"wp","href":"https:\/\/api.w.org\/{rel}","templated":true}]}}