{"id":476933,"date":"2019-09-13T15:30:04","date_gmt":"2019-09-13T13:30:04","guid":{"rendered":"http:\/\/www.ivg.it\/?p=476933"},"modified":"2019-09-13T15:30:04","modified_gmt":"2019-09-13T13:30:04","slug":"cena-in-bianco-ad-albenga-il-ricavato-donato-alla-croce-bianca-e-allistituto-trincheri","status":"publish","type":"post","link":"https:\/\/staging.ivg.it\/2019\/09\/cena-in-bianco-ad-albenga-il-ricavato-donato-alla-croce-bianca-e-allistituto-trincheri\/","title":{"rendered":"Cena in Bianco ad Albenga, il ricavato donato alla Croce Bianca e all\u2019Istituto Trincheri"},"content":{"rendered":"<p><strong>Albenga<\/strong>. Questa mattina \u00e8 avvenuta la consegna ufficiale di ben 4 mila euro raccolti durante la \u201cCena in Bianco\u201d organizzata dall\u2019associazione Vecchia Albenga, alla Croce Bianca di Albenga.<br \/>\nDurante la serata che si \u00e8 svolta in piazza San Michele e che ha visto l\u2019Amministrazione comunale vestire i panni dei camerieri \u00e8 stata racolta, infatti, un\u2019importante cifra per beneficienza. La Vecchia Albenga ha deciso di devolvere la maggior parte del ricavato alla Croce Bianca che la impiegher\u00e0 come contributo per acquistare una nuova ambulanza, mentre, un\u2019altra parte (con l\u2019aggiunta di un importante contributo proveniente direttamente dall\u2019Associazione) \u00e8 stata poi utilizzata per l\u2019acquisto di 7 televisori per l\u2019istituto Tricheri di Albenga (6 per le camere e uno, pi\u00f9 grande, per la sala comune).<\/p>\n<div class=\"single-img-content-container fullwidth-single shortcode standard\">\n    <div class=\"image_container\" style=\"text-align: center;\">\n        <picture class=\" lazyload\"><img loading=\"lazy\" class=\"lazy\" data-srcset=\"https:\/\/www.ivg.it\/photogallery_new\/images\/2019\/09\/vari-574661.jpg 1024w, https:\/\/www.ivg.it\/photogallery_new\/images\/2019\/09\/vari-574661.jpg 970w, https:\/\/www.ivg.it\/photogallery_new\/images\/2019\/09\/vari-574661.jpg 660w, https:\/\/www.ivg.it\/photogallery_new\/images\/2019\/09\/vari-574661.jpg 316w, https:\/\/www.ivg.it\/photogallery_new\/images\/2019\/09\/vari-574661.jpg 150w\"  data-src=\"https:\/\/www.ivg.it\/photogallery_new\/images\/2019\/09\/vari-574661.jpg\" alt=\"Cena in bianco Albenga Donazione\" \/><\/picture>\r\n\n    <\/div>\n    <\/div>\n\n<p>Afferma Dino Ardoino, presidente della Croce Bianca: \u201cRingrazio di cuore la Vecchia Albenga per questo importante contributo che utilizzeremo per acquistare un\u2019ambulanza il cui valore complessivo \u00e8 di circa 58 mila euro. Oggi \u00e8 un momento di festa anche se dobbiamo sempre tenere a mente le difficolt\u00e0 legate al mondo della sanit\u00e0, del volontariato ed in particolare delle pubbliche assistenze.\u201d<\/p>\n<p>Il sindaco Riccardo Tomatis afferma: \u201cLa nostra Citt\u00e0 a volte \u00e8 fatta di mugugnoni, ma quando c\u2019\u00e8 da unirsi per il bene della comunit\u00e0 le nostre realt\u00e0 associative ci offrono un grande esempio. Sono proprio loro il nostro fiore all\u2019occhiello.\u201d<\/p>\n<div class=\"single-img-content-container fullwidth-single shortcode standard\">\n    <div class=\"image_container\" style=\"text-align: center;\">\n        <picture class=\" lazyload\"><img loading=\"lazy\" class=\"lazy\" data-srcset=\"https:\/\/www.ivg.it\/photogallery_new\/images\/2019\/09\/vari-574662.jpg 1024w, https:\/\/www.ivg.it\/photogallery_new\/images\/2019\/09\/vari-574662.jpg 970w, https:\/\/www.ivg.it\/photogallery_new\/images\/2019\/09\/vari-574662.jpg 660w, https:\/\/www.ivg.it\/photogallery_new\/images\/2019\/09\/vari-574662.jpg 316w, https:\/\/www.ivg.it\/photogallery_new\/images\/2019\/09\/vari-574662.jpg 150w\"  data-src=\"https:\/\/www.ivg.it\/photogallery_new\/images\/2019\/09\/vari-574662.jpg\" alt=\"Cena in bianco Albenga Donazione\" \/><\/picture>\r\n\n    <\/div>\n    <\/div>\n\n<p>La presidente dell\u2019associazione Vecchia Albenga Marisa Scola: \u201cLa Croce Bianca \u00e8 una realt\u00e0 alla quale siamo legati da sempre, la loro attivit\u00e0 \u00e8 particolarmente importante per questo abbiamo deciso di destinare a loro buona parte di quanto siamo riusciti a raccogliere. Il resto, naturalmente abbiamo aggiunto qualcosa, lo abbiamo destinato al Trincheri e, quindi, ai nostri anziani ai quali vogliamo manifestare la nostra costante vicinanza\u201d.<\/p>\n","protected":false},"excerpt":{"rendered":"<p>Questa mattina \u00e8 avvenuta la consegna ufficiale di ben 4 mila euro raccolti <\/p>\n","protected":false},"author":12120,"featured_media":0,"comment_status":"open","ping_status":"closed","sticky":false,"template":"","format":"standard","meta":{"footnotes":""},"categories":[45296,56],"tags":[17081,47906,14591,6403],"class_list":["post-476933","post","type-post","status-publish","format-standard","hentry","category-copertina","category-altre","tag-associazione-vecchia-albenga","tag-cena-in-bianco","tag-comune-di-albenga","tag-croce-bianca-albenga","post_cat_citta-albenga","post_tag_personaggi-dino-ardoino","post_tag_personaggi-marisa-scola","post_tag_personaggi-riccardo-tomatis-2"],"amp_validity":null,"amp_enabled":true,"_links":{"self":[{"href":"https:\/\/staging.ivg.it\/ediapi\/wp\/v2\/posts\/476933","targetHints":{"allow":["GET"]}}],"collection":[{"href":"https:\/\/staging.ivg.it\/ediapi\/wp\/v2\/posts"}],"about":[{"href":"https:\/\/staging.ivg.it\/ediapi\/wp\/v2\/types\/post"}],"author":[{"embeddable":true,"href":"https:\/\/staging.ivg.it\/ediapi\/wp\/v2\/users\/12120"}],"replies":[{"embeddable":true,"href":"https:\/\/staging.ivg.it\/ediapi\/wp\/v2\/comments?post=476933"}],"version-history":[{"count":0,"href":"https:\/\/staging.ivg.it\/ediapi\/wp\/v2\/posts\/476933\/revisions"}],"wp:attachment":[{"href":"https:\/\/staging.ivg.it\/ediapi\/wp\/v2\/media?parent=476933"}],"wp:term":[{"taxonomy":"category","embeddable":true,"href":"https:\/\/staging.ivg.it\/ediapi\/wp\/v2\/categories?post=476933"},{"taxonomy":"post_tag","embeddable":true,"href":"https:\/\/staging.ivg.it\/ediapi\/wp\/v2\/tags?post=476933"}],"curies":[{"name":"wp","href":"https:\/\/api.w.org\/{rel}","templated":true}]}}