{"id":476897,"date":"2019-09-13T11:36:19","date_gmt":"2019-09-13T09:36:19","guid":{"rendered":"http:\/\/www.ivg.it\/?p=476897"},"modified":"2019-09-13T13:32:11","modified_gmt":"2019-09-13T11:32:11","slug":"pietra-ligure-raccolti-2-500-euro-allo-spettacolo-di-beneficenza-per-marco-centino","status":"publish","type":"post","link":"https:\/\/staging.ivg.it\/2019\/09\/pietra-ligure-raccolti-2-500-euro-allo-spettacolo-di-beneficenza-per-marco-centino\/","title":{"rendered":"Pietra Ligure, raccolti 2.500 euro allo spettacolo di beneficenza per Marco Centino"},"content":{"rendered":"<p><strong>Pietra Ligure<\/strong>. Grande successo a Pietra Ligure, al teatro Moretti, per lo spettacolo di variet\u00e0 \u201cAnche noi per Marco\u201d. Una iniziativa di beneficenza per sostenere la raccolta fondi destinata all&#8217;acquisto\u00a0della Fes Bike per la riabilitazione del giovane di Tovo San Giacomo rimasto gravemente ferito dopo l&#8217;incidente stradale del giugno 2018.<\/p>\n<p>Sul palco le associazioni del territorio che hanno aderito all&#8217;iniziativa di \u201cAsdac Spettacolando\u201d. Tanti volontari si sono esibiti gratuitamente in balli canti e piccoli sketch, tutto uniti dallo spirito della solidariet\u00e0: in tutto sono stati raccolti 2.500 euro.<\/p>\n<p>Durante la serata ad ingresso ad offerta libera \u00e8 stato possibile acquistare i biglietti per la<a href=\"https:\/\/www.ivg.it\/2019\/09\/nazionale-calcio-tv-vs-team-stone-il-sindaco-de-vincenzi-a-marco-centino-auguro-un-recupero-come-per-kubica\/\" target=\"_blank\" rel=\"noopener\"> partita &#8220;un gol per Marco&#8221;<\/a>, in programma questa sera alle ore 20 e 30 allo stadio comunale di Pietra Ligure.<\/p>\n<p>&#8220;Pietra Ligure anche questa sera ha dimostrato il suo grande affetto e la sua vicinanza a Marco e alla sua famiglia, come gi\u00e0 detto il mio auspicio \u00e8 che possa ripercorrere lo stesso percorso riabilitativo di Robert Kubica, tornando a fare quello che pi\u00f9 gli piace&#8230;&#8221; ha sottolineato il sindaco Luigi De Vincenzi.<\/p>\n<p>\u201cL\u2019adesione \u00e8 stata da parte di tutti molto sentita e numerosa, davvero una bella serata e una bella iniziativa per sostenere e aiutare Marco nel suo percorso riabilitativo: un contributo che speriamo possa incrementarsi notevolmente questa sera con la partita tra la Nazionale di Calcio tv e il Team Stone: la comunit\u00e0 pietrese e non solo sta dimostrando grande sensibilit\u00e0 e un grande cuore&#8230;&#8221;.<\/p>\n<p>&#8220;Vi aspettiamo in tantissimi questa sera&#8230; Possiamo raggiungere l&#8217;obiettivo&#8221; affermano gli organizzatori della serata al teatro comunale pietrese.<\/p>\n","protected":false},"excerpt":{"rendered":"<p>E questa sera tutti allo stadio comunale di Pietra Ligure per la partita del cuore&#8230;<\/p>\n","protected":false},"author":4,"featured_media":0,"comment_status":"open","ping_status":"closed","sticky":false,"template":"","format":"standard","meta":{"footnotes":""},"categories":[45296,56],"tags":[63767,39557],"class_list":["post-476897","post","type-post","status-publish","format-standard","hentry","category-copertina","category-altre","tag-cinema-teatro-moretti","tag-nazionale-calcio-tv","post_cat_citta-pietra-ligure","post_tag_personaggi-marco-centino"],"amp_validity":null,"amp_enabled":true,"_links":{"self":[{"href":"https:\/\/staging.ivg.it\/ediapi\/wp\/v2\/posts\/476897","targetHints":{"allow":["GET"]}}],"collection":[{"href":"https:\/\/staging.ivg.it\/ediapi\/wp\/v2\/posts"}],"about":[{"href":"https:\/\/staging.ivg.it\/ediapi\/wp\/v2\/types\/post"}],"author":[{"embeddable":true,"href":"https:\/\/staging.ivg.it\/ediapi\/wp\/v2\/users\/4"}],"replies":[{"embeddable":true,"href":"https:\/\/staging.ivg.it\/ediapi\/wp\/v2\/comments?post=476897"}],"version-history":[{"count":0,"href":"https:\/\/staging.ivg.it\/ediapi\/wp\/v2\/posts\/476897\/revisions"}],"wp:attachment":[{"href":"https:\/\/staging.ivg.it\/ediapi\/wp\/v2\/media?parent=476897"}],"wp:term":[{"taxonomy":"category","embeddable":true,"href":"https:\/\/staging.ivg.it\/ediapi\/wp\/v2\/categories?post=476897"},{"taxonomy":"post_tag","embeddable":true,"href":"https:\/\/staging.ivg.it\/ediapi\/wp\/v2\/tags?post=476897"}],"curies":[{"name":"wp","href":"https:\/\/api.w.org\/{rel}","templated":true}]}}