{"id":476508,"date":"2019-09-07T13:27:56","date_gmt":"2019-09-07T11:27:56","guid":{"rendered":"http:\/\/www.ivg.it\/?p=476508"},"modified":"2019-09-07T13:27:56","modified_gmt":"2019-09-07T11:27:56","slug":"denunciato-per-luso-di-spray-urticante-nella-lite-in-piazza-del-popolo-17enne-e-accusato-anche-del-furto-di-una-collana","status":"publish","type":"post","link":"https:\/\/staging.ivg.it\/2019\/09\/denunciato-per-luso-di-spray-urticante-nella-lite-in-piazza-del-popolo-17enne-e-accusato-anche-del-furto-di-una-collana\/","title":{"rendered":"Denunciato per l&#8217;uso di spray urticante nella lite in piazza del Popolo: 17enne \u00e8 accusato anche del furto di una collana"},"content":{"rendered":"<p><strong>Savona<\/strong>. E&#8217; stato denunciato anche per il reato di furto con strappo il diciassettenne marocchino che, gioved\u00ec pomeriggio, insieme ad un connazionale di 21 anni (arrestato invece per resistenza e lesioni a pubblico ufficiale), \u00e8 rimasto coinvolto in una <a href=\"http:\/\/www.ivg.it\/2019\/09\/lite-in-piazza-del-popolo-gli-spruzzano-spray-urticante-in-faccia-e-poi-vengono-inseguiti-da-una-ventina-di-persone-un-arresto\/\" target=\"_blank\" rel=\"noopener\">violenta lite con alcuni cittadini gambiani<\/a> in piazza del Popolo.<\/p>\n<p>Come hanno accertato i poliziotti della Questura, infatti, il minorenne qualche ora prima del diverbio ha derubato una donna savonese della collanina d&#8217;oro nella zona di via delle Trincee. Quando il minorenne \u00e8 stato perquisito, oltre allo spray al peperoncino usato contro i cittadini del Gambia, \u00e8 stato trovato anche il gioiello il cui furto era stato gi\u00e0 denunciato dalla proprietaria.<\/p>\n<p>Il diciassettenne, che \u00e8 stato denunciato alla procura per i minori di Genova, dovr\u00e0 quindi rispondere della doppia accusa di lesioni e furto con strappo.<\/p>\n","protected":false},"excerpt":{"rendered":"<p>Il minorenne coinvolto nel movimentato episodio di gioved\u00ec pomeriggio, secondo la polizia, \u00e8 responsabile di aver derubato una donna in via delle Trincee<\/p>\n","protected":false},"author":2394,"featured_media":0,"comment_status":"open","ping_status":"closed","sticky":false,"template":"","format":"standard","meta":{"footnotes":""},"categories":[34],"tags":[340,470],"class_list":["post-476508","post","type-post","status-publish","format-standard","hentry","category-cronaca","tag-lite","tag-resistenza","post_cat_citta-savona"],"amp_validity":null,"amp_enabled":true,"_links":{"self":[{"href":"https:\/\/staging.ivg.it\/ediapi\/wp\/v2\/posts\/476508","targetHints":{"allow":["GET"]}}],"collection":[{"href":"https:\/\/staging.ivg.it\/ediapi\/wp\/v2\/posts"}],"about":[{"href":"https:\/\/staging.ivg.it\/ediapi\/wp\/v2\/types\/post"}],"author":[{"embeddable":true,"href":"https:\/\/staging.ivg.it\/ediapi\/wp\/v2\/users\/2394"}],"replies":[{"embeddable":true,"href":"https:\/\/staging.ivg.it\/ediapi\/wp\/v2\/comments?post=476508"}],"version-history":[{"count":0,"href":"https:\/\/staging.ivg.it\/ediapi\/wp\/v2\/posts\/476508\/revisions"}],"wp:attachment":[{"href":"https:\/\/staging.ivg.it\/ediapi\/wp\/v2\/media?parent=476508"}],"wp:term":[{"taxonomy":"category","embeddable":true,"href":"https:\/\/staging.ivg.it\/ediapi\/wp\/v2\/categories?post=476508"},{"taxonomy":"post_tag","embeddable":true,"href":"https:\/\/staging.ivg.it\/ediapi\/wp\/v2\/tags?post=476508"}],"curies":[{"name":"wp","href":"https:\/\/api.w.org\/{rel}","templated":true}]}}