{"id":476318,"date":"2019-09-04T16:40:15","date_gmt":"2019-09-04T14:40:15","guid":{"rendered":"http:\/\/www.ivg.it\/?p=476318"},"modified":"2019-09-04T16:44:25","modified_gmt":"2019-09-04T14:44:25","slug":"giovani-d-valore-stagione-ottava","status":"publish","type":"post","link":"https:\/\/staging.ivg.it\/2019\/09\/giovani-d-valore-stagione-ottava\/","title":{"rendered":"&#8220;Giovani D valore&#8221;: stagione ottava"},"content":{"rendered":"<p>Il Presidente della Lega Nazionale Dilettanti ed il Consiglio del Dipartimento Interregionale, hanno istituito un progetto che premier\u00e0 tre societ\u00e0 per girone che avranno promosso una vera politica dei giovani nell&#8217;ambito dei propri organici, con particolare riferimento a quelli provenienti dal vivaio, incentivando il loro utilizzo nelle gare ufficiali del Campionato di Serie D 2019\/2020.<\/p>\n<p>Il progetto destiner\u00e0 la somma di \u20ac 450.000,00 messa a disposizione dalla L.N.D., per la costituzione di una serie premi in denaro da destinare in favore di quelle societ\u00e0, che avranno utilizzato un numero maggiore di cd. &#8220;giovani&#8221;, con particolare riferimento a quelli provenienti dal vivaio, che sar\u00e0 ripartita per tutti i 9 gironi (\u20ac 50.000,00 per ciascun girone). Sar\u00e0 redatta una graduatoria secondo il Regolamento di seguito indicato, attraverso modalit\u00e0, parametri e criteri ben precisi ed individuati che determiner\u00e0 le prime tre societ\u00e0 &#8220;classificate&#8221;, alle quali saranno corrisposti i seguenti premi: alla 1 a \u20ac 25.000,00, alla 2 a \u20ac 15.000,00 e alla 3a \u20ac 10.000,00<\/p>\n<p><strong>1. Regolamento. Criteri e modalit\u00e0 della graduatoria di merito\u00a0<\/strong><br \/>\nA) Ai fini del computo generale della classifica saranno prese in considerazione le gare dalla 1^ alla 28^ giornata di campionato evitando in tal modo eventuali possibili speculazioni derivanti da gare tra societ\u00e0 senza alcun interesse di classifica. Nell&#8217;ipotesi di rinuncia durante il Campionato di una squadra, i punteggi conseguiti nelle gare con quest&#8217;ultima saranno annullati e verranno considerati a fine del compiuto dei punti le prime 28 gare utili disputate (per i gironi a 20 le prime 32 gare utili disputate).<br \/>\nB) In graduatoria saranno conteggiati esclusivamente tutti i calciatori utilizzati dall&#8217;inizio di ogni gara e fino alla conclusione del primo tempo, nati negli anni 1999, 2000, 2001, 2002 e 2003, italiani, comunitari ed extracomunitari, purch\u00e9 tesserati a titolo definitivo o temporaneo da societ\u00e0 della LND; non saranno conteggiati i calciatori tesserati a titolo temporaneo da societ\u00e0 Professionistiche.<br \/>\nC) Non saranno conteggiati i calciatori che, pur essendo nati negli anni di cui al punto B), siano subentrati nel corso di ogni gara.<\/p>\n<p><strong>2. Redazione della classifica\u00a0<\/strong><br \/>\nLa classifica verr\u00e0 redatta, nel rispetto dei criteri innanzi indicati, assegnando per ogni societ\u00e0 di ciascun girone i seguenti punteggi:<br \/>\n2 punti ogni gara per i calciatori classe 1999; 4 punti se il tesserato proviene dal settore giovanile della societ\u00e0 che lo utilizza (dovr\u00e0 pertanto essere in costanza di tesseramento con vincolo annuale e\/o pluriennale almeno dal 30.09.2014)<br \/>\n5 punti ogni gara per i calciatori classe 2000;<br \/>\n10 punti se il tesserato proviene dal settore giovanile della societ\u00e0 che lo utilizza (dovr\u00e0 pertanto essere in costanza di tesseramento con vincolo annuale e\/o pluriennale almeno dal 30.09. 2015)<br \/>\n15 punti ogni gara per i calciatori classe 2001;<br \/>\n30 punti se il tesserato proviene dal settore giovanile della societ\u00e0 che lo utilizza (dovr\u00e0 pertanto essere in costanza di tesseramento con vincolo annuale e\/o pluriennale almeno dal 30.09. 2016)<br \/>\n25 punti ogni gara per i calciatori classe 2002;<br \/>\n50 punti se il tesserato proviene dal settore giovanile della societ\u00e0 che lo utilizza (dovr\u00e0 pertanto essere in costanza di tesseramento con vincolo annuale e\/o pluriennale almeno dal 30.09.2017)<br \/>\n35 punti ogni gara per i calciatori classe 2003;<br \/>\n70 punti se il tesserato proviene dal settore giovanile della societ\u00e0 che lo utilizza (dovr\u00e0 pertanto essere in costanza di tesseramento con vincolo annuale e\/o pluriennale almeno dal 30.09.2018)<br \/>\n45 punti ogni gara per i calciatori classe 2004;<br \/>\n90 punti se il tesserato proviene dal settore giovanile della societ\u00e0 che lo utilizza (dovr\u00e0 pertanto essere in costanza di tesseramento con vincolo annuale e\/o pluriennale almeno dal 30.09.2019)<\/p>\n","protected":false},"excerpt":{"rendered":"<p>Lo speciale Settore Giovanile del ct Vaniglia<\/p>\n","protected":false},"author":18,"featured_media":0,"comment_status":"open","ping_status":"closed","sticky":false,"template":"","format":"standard","meta":{"footnotes":""},"categories":[182,32],"tags":[85989,5327,58119],"class_list":["post-476318","post","type-post","status-publish","format-standard","hentry","category-calcio","category-sport","tag-calcio","tag-calcio-giovanile","tag-speciale-settore-giovanile","post_tag_personaggi-felicino-vaniglia"],"amp_validity":null,"amp_enabled":true,"_links":{"self":[{"href":"https:\/\/staging.ivg.it\/ediapi\/wp\/v2\/posts\/476318","targetHints":{"allow":["GET"]}}],"collection":[{"href":"https:\/\/staging.ivg.it\/ediapi\/wp\/v2\/posts"}],"about":[{"href":"https:\/\/staging.ivg.it\/ediapi\/wp\/v2\/types\/post"}],"author":[{"embeddable":true,"href":"https:\/\/staging.ivg.it\/ediapi\/wp\/v2\/users\/18"}],"replies":[{"embeddable":true,"href":"https:\/\/staging.ivg.it\/ediapi\/wp\/v2\/comments?post=476318"}],"version-history":[{"count":0,"href":"https:\/\/staging.ivg.it\/ediapi\/wp\/v2\/posts\/476318\/revisions"}],"wp:attachment":[{"href":"https:\/\/staging.ivg.it\/ediapi\/wp\/v2\/media?parent=476318"}],"wp:term":[{"taxonomy":"category","embeddable":true,"href":"https:\/\/staging.ivg.it\/ediapi\/wp\/v2\/categories?post=476318"},{"taxonomy":"post_tag","embeddable":true,"href":"https:\/\/staging.ivg.it\/ediapi\/wp\/v2\/tags?post=476318"}],"curies":[{"name":"wp","href":"https:\/\/api.w.org\/{rel}","templated":true}]}}